{"id":1273,"date":"2023-05-01T07:58:27","date_gmt":"2023-04-30T22:58:27","guid":{"rendered":"https:\/\/mercedes-benz-cla.kyoto-svp.com\/?p=1273"},"modified":"2023-05-31T06:23:52","modified_gmt":"2023-05-30T21:23:52","slug":"2023%e5%b9%b45%e6%9c%88-%e3%83%a1%e3%83%ab%e3%82%bb%e3%83%87%e3%82%b9%e3%83%bb%e3%83%99%e3%83%b3%e3%83%84%e6%9c%80%e6%96%b0%e6%83%85%e5%a0%b1%e3%80%90%e5%85%ac%e5%bc%8f%e3%82%b5%e3%82%a4%e3%83%88","status":"publish","type":"post","link":"https:\/\/mercedes-benz-cla.kyoto-svp.com\/?p=1273","title":{"rendered":"2023\u5e745\u6708 \u30e1\u30eb\u30bb\u30c7\u30b9\u30fb\u30d9\u30f3\u30c4\u6700\u65b0\u60c5\u5831\u3010\u516c\u5f0f\u30b5\u30a4\u30c8\u3011"},"content":{"rendered":"\n<p>\u30e1\u30eb\u30bb\u30c7\u30b9\u30fb\u30d9\u30f3\u30c4\u306e\u4e16\u754c\u5404\u56fd\u306e\u516c\u5f0f\u30b5\u30a4\u30c8\u3001\u516c\u5f0fSNS\u3088\u308a\u6700\u65b0\u60c5\u5831\u3092\u307e\u3068\u3081\u3066\u3044\u307e\u3059\u3002<\/p>\n\n\n\n<p>\u65b0\u578bGLC\u3068\u65b0\u578bE\u30af\u30e9\u30b9\u306b\u3064\u3044\u3066<\/p>\n\n\n\n<p>\u6b27\u7c73\u4ed5\u69d8\u3068\u65e5\u672c\u4ed5\u69d8\u306e\u9055\u3044\u3092\u4e2d\u5fc3\u306b\u63b2\u8f09,\u3001\u8ffd\u8a18\u30fb\u66f4\u65b0\u4e88\u5b9a\u3067\u3059\u3002<\/p>\n\n\n\n<figure class=\"wp-block-embed is-type-wp-embed is-provider-2023-\u5e74\u30e1\u30eb\u30bb\u30c7\u30b9\u30d9\u30f3\u30c4\u516c\u5f0f\u30b5\u30a4\u30c8\u3001sns\u306e\u6700\u65b0\u60c5\u5831 wp-block-embed-2023-\u5e74\u30e1\u30eb\u30bb\u30c7\u30b9\u30d9\u30f3\u30c4\u516c\u5f0f\u30b5\u30a4\u30c8\u3001sns\u306e\u6700\u65b0\u60c5\u5831\"><div class=\"wp-block-embed__wrapper\">\n<blockquote class=\"wp-embedded-content\" data-secret=\"qQHRK1Tjs4\"><a href=\"https:\/\/mercedes-benz-cla.kyoto-svp.com\/?p=1301\">\u30e1\u30eb\u30bb\u30c7\u30b9\u30fb\u30d9\u30f3\u30c4\u65b0\u578bGLC\u30102023\u5e74\u3011\u6b27\u5dde\u4ed5\u69d8\u3068\u65e5\u672c\u4ed5\u69d8\u306e\u9055\u3044\u306b\u6d99\u3059\u308b<\/a><\/blockquote><iframe loading=\"lazy\" class=\"wp-embedded-content\" sandbox=\"allow-scripts\" security=\"restricted\" style=\"position: absolute; clip: rect(1px, 1px, 1px, 1px);\" title=\"&#8220;\u30e1\u30eb\u30bb\u30c7\u30b9\u30fb\u30d9\u30f3\u30c4\u65b0\u578bGLC\u30102023\u5e74\u3011\u6b27\u5dde\u4ed5\u69d8\u3068\u65e5\u672c\u4ed5\u69d8\u306e\u9055\u3044\u306b\u6d99\u3059\u308b&#8221; &#8212; 2023\u5e74\u30e1\u30eb\u30bb\u30c7\u30b9\u30d9\u30f3\u30c4\u516c\u5f0f\u30b5\u30a4\u30c8\u3001SNS\u306e\u6700\u65b0\u60c5\u5831\" src=\"https:\/\/mercedes-benz-cla.kyoto-svp.com\/?p=1301&#038;embed=true#?secret=W7DXF0K0o7#?secret=qQHRK1Tjs4\" data-secret=\"qQHRK1Tjs4\" width=\"600\" height=\"338\" frameborder=\"0\" marginwidth=\"0\" marginheight=\"0\" scrolling=\"no\"><\/iframe>\n<\/div><\/figure>\n\n\n\n<figure class=\"wp-block-embed is-type-wp-embed is-provider-2023-\u5e74\u30e1\u30eb\u30bb\u30c7\u30b9\u30d9\u30f3\u30c4\u516c\u5f0f\u30b5\u30a4\u30c8\u3001sns\u306e\u6700\u65b0\u60c5\u5831 wp-block-embed-2023-\u5e74\u30e1\u30eb\u30bb\u30c7\u30b9\u30d9\u30f3\u30c4\u516c\u5f0f\u30b5\u30a4\u30c8\u3001sns\u306e\u6700\u65b0\u60c5\u5831\"><div class=\"wp-block-embed__wrapper\">\n<blockquote class=\"wp-embedded-content\" data-secret=\"tyAeJwzA9y\"><a href=\"https:\/\/mercedes-benz-cla.kyoto-svp.com\/?p=1226\">\u30e1\u30eb\u30bb\u30c7\u30b9\u30fb\u30d9\u30f3\u30c4\u306e\u65b0\u578bE\u30af\u30e9\u30b9\u306e\u6700\u65b0\u60c5\u5831\u304c\u3064\u3044\u306b\uff01<\/a><\/blockquote><iframe loading=\"lazy\" class=\"wp-embedded-content\" sandbox=\"allow-scripts\" security=\"restricted\" style=\"position: absolute; clip: rect(1px, 1px, 1px, 1px);\" title=\"&#8220;\u30e1\u30eb\u30bb\u30c7\u30b9\u30fb\u30d9\u30f3\u30c4\u306e\u65b0\u578bE\u30af\u30e9\u30b9\u306e\u6700\u65b0\u60c5\u5831\u304c\u3064\u3044\u306b\uff01&#8221; &#8212; 2023\u5e74\u30e1\u30eb\u30bb\u30c7\u30b9\u30d9\u30f3\u30c4\u516c\u5f0f\u30b5\u30a4\u30c8\u3001SNS\u306e\u6700\u65b0\u60c5\u5831\" src=\"https:\/\/mercedes-benz-cla.kyoto-svp.com\/?p=1226&#038;embed=true#?secret=ymhY3WHVgs#?secret=tyAeJwzA9y\" data-secret=\"tyAeJwzA9y\" width=\"600\" height=\"338\" frameborder=\"0\" marginwidth=\"0\" marginheight=\"0\" scrolling=\"no\"><\/iframe>\n<\/div><\/figure>\n\n\n\n<p>\u9045\u308c\u3066\u3044\u3066\u7533\u3057\u8a33\u3042\u308a\u307e\u305b\u3093\u3002<\/p>\n\n\n\n<h2 class=\"wp-block-heading\">2023\u5e745\u670831\u65e5<\/h2>\n\n\n\n<p>\u30e1\u30eb\u30bb\u30c7\u30b9\u30fb\u30d9\u30f3\u30c4\uff08\u30a2\u30e1\u30ea\u30ab\uff09\u306f\u516c\u5f0fSNS\u3067<\/p>\n\n\n\n<p class=\"has-vivid-cyan-blue-color has-text-color\">\u300celectric dream days\u300d\u306f\u6b8b\u3059\u3068\u3053\u308d\u6570\u65e5\u3002\u5bdd\u3066\u308b\u6687\u306a\u3044\u3088\uff01<\/p>\n\n\n\n<p>\u3068\u4f1d\u3048\u3066\u3044\u307e\u3059\u3002<\/p>\n\n\n\n<p>\u300celectric dream days\u300d\u3067\u3059\u304c\u3001\u30a2\u30e1\u30ea\u30ab\u306e\u8ca9\u58f2\u5e97\u3067\u8a2d\u5b9a\u3057\u3066\u3044\u308bEQ\u30b7\u30ea\u30fc\u30ba\u7528\u306e\u8ca9\u58f2\u4fc3\u9032\u30ad\u30e3\u30f3\u30da\u30fc\u30f3\u306e\u3053\u3068\u3067\u3059\u3002<\/p>\n\n\n\n<p>\u7279\u5225\u91d1\u5229\u306e\u8a2d\u5b9a\uff08ARP\u3068\u3044\u3046\u30e4\u30c4\uff09\u3001\u5404\u7a2e\u30a4\u30f3\u30bb\u30f3\u30c6\u30a4\u30d6\uff08\u7279\u5225\u8a2d\u5b9a\u4fa1\u683c\u3084\u30ad\u30e3\u30c3\u30b7\u30e5\u30d0\u30c3\u30af\u306a\u3069\uff09\u304c\u7528\u610f\u3055\u308c\u3066\u3044\u307e\u3059\u3002<\/p>\n\n\n\n<p>\u3082\u3061\u308d\u3093\u65e5\u672c\u5728\u4f4f\u306e\u79c1\u305f\u3061\u306b\u306f\u95a2\u4fc2\u306a\u3044\u306e\u3067\u3059\u304c\uff0e\uff0e\uff0e<\/p>\n\n\n\n<p>\u8a73\u3057\u304f\u306f\u3053\u3061\u3089\uff1a<\/p>\n\n\n\n<p><a href=\"https:\/\/www.mercedesbenzofnatick.com\/promotions\/new\/index.htm\" target=\"_blank\" rel=\"noreferrer noopener\">https:\/\/www.mercedesbenzofnatick.com\/promotions\/new\/index.htm<\/a><\/p>\n\n\n\n<blockquote class=\"twitter-tweet\"><p lang=\"en\" dir=\"ltr\">Don&#39;t sleep on this &#8211; only a few days until <a href=\"https:\/\/twitter.com\/hashtag\/electricdreamdays?src=hash&amp;ref_src=twsrc%5Etfw\">#electricdreamdays<\/a> are over! Details: <a href=\"https:\/\/t.co\/yyVKrAubzf\">https:\/\/t.co\/yyVKrAubzf<\/a> <a href=\"https:\/\/t.co\/rbFoOxBCQn\">pic.twitter.com\/rbFoOxBCQn<\/a><\/p>&mdash; Mercedes-Benz of Natick (@MBofNatick) <a href=\"https:\/\/twitter.com\/MBofNatick\/status\/1663599698484002856?ref_src=twsrc%5Etfw\">May 30, 2023<\/a><\/blockquote> <script async src=\"https:\/\/platform.twitter.com\/widgets.js\" charset=\"utf-8\"><\/script>\n\n\n\n<h2 class=\"wp-block-heading\">2023\u5e745\u670829\u65e5<\/h2>\n\n\n\n<p>\u304a\u3049\uff01\u30e1\u30eb\u30bb\u30c7\u30b9\u30fb\u30d9\u30f3\u30c4\uff08\u30d5\u30e9\u30f3\u30b9\uff09\u306e\u516c\u5f0fSNS\u3067\u65b0\u578bCLA\u306e\u30cf\u30a4\u30d6\u30ea\u30c3\u30c9\u30e2\u30c7\u30eb\u306b\u3064\u3044\u3066\u6295\u7a3f\u3055\u308c\u3066\u3044\u307e\u3059\u3002<\/p>\n\n\n\n<p>\u30aa\u30e9\u30f3\u30c0\u3084\u30eb\u30af\u30bb\u30f3\u30d6\u30eb\u30b0\u306a\u3069\u306e\u30d5\u30e9\u30f3\u30b9\u8a9e\u570f\u3067\u3082\u540c\u69d8\u306a\u6295\u7a3f\u304c\u3055\u308c\u3066\u3044\u307e\u3059\u3002<\/p>\n\n\n\n<p>\u3067\u3082\u3001\u65e5\u672c\u306b\u30cf\u30a4\u30d6\u30ea\u30c3\u30c9\u30e2\u30c7\u30eb\u304c\u5c0e\u5165\u3055\u308c\u308b\u304b\u306f\u5fae\u5999\uff0e\uff0e\uff0e<\/p>\n\n\n\n<p>\u3068\u3001\u8a00\u3044\u307e\u3059\u304b\u3001\u3044\u307e\u3060\u306b\u65e5\u672c\u3067\u306f\u65b0\u578bCLA\u304c\u30a2\u30ca\u30a6\u30f3\u30b9\u3055\u308c\u3066\u3044\u307e\u305b\u3093\u3002<\/p>\n\n\n\n<p>\u65e5\u672c\u4ed5\u69d8\u306eCLA\u306e\u5728\u5eab\u306a\u3069\u3001\u3044\u3064\u307e\u3067\u3082\u7121\u3044\u3068\u601d\u3046\u306e\u3067\u3059\u304c\u3002<\/p>\n\n\n\n<blockquote class=\"twitter-tweet\"><p lang=\"fr\" dir=\"ltr\">Faites la diff\u00e9rence avec les Nouveaux CLA Coup\u00e9 et CLA Shooting Brake Hybrides Rechargeables. <br>Spacieux, confortables et \u00e9l\u00e9gants, vous n&#39;avez qu&#39;\u00e0 choisir votre alli\u00e9 pr\u00e9f\u00e9r\u00e9. <a href=\"https:\/\/t.co\/qAdO9iXbrZ\">https:\/\/t.co\/qAdO9iXbrZ<\/a> <a href=\"https:\/\/twitter.com\/hashtag\/MercedesBenz?src=hash&amp;ref_src=twsrc%5Etfw\">#MercedesBenz<\/a> <a href=\"https:\/\/twitter.com\/hashtag\/CLA?src=hash&amp;ref_src=twsrc%5Etfw\">#CLA<\/a><a href=\"https:\/\/twitter.com\/hashtag\/SeD%C3%A9placerMoinsPolluer?src=hash&amp;ref_src=twsrc%5Etfw\">#SeD\u00e9placerMoinsPolluer<\/a> <a href=\"https:\/\/t.co\/g3UsvYtW4e\">pic.twitter.com\/g3UsvYtW4e<\/a><\/p>&mdash; Mercedes-Benz France (@MBFRANCE_) <a href=\"https:\/\/twitter.com\/MBFRANCE_\/status\/1662715466312196096?ref_src=twsrc%5Etfw\">May 28, 2023<\/a><\/blockquote> <script async src=\"https:\/\/platform.twitter.com\/widgets.js\" charset=\"utf-8\"><\/script>\n\n\n\n<p>\u30ea\u30f3\u30af\u5148\u306f\u30d5\u30e9\u30f3\u30b9\u306e\u30e1\u30eb\u30bb\u30c7\u30b9\u30fb\u30d9\u30f3\u30c4\u306e\u65b0\u578bCLA\u306e\u30da\u30fc\u30b8\u3002<\/p>\n\n\n\n<p>\u3082\u3061\u308d\u3093\u30d5\u30e9\u30f3\u30b9\u8a9e\u3067\u3059\u3002<\/p>\n\n\n\n<p><a href=\"https:\/\/www.mercedes-benz.fr\/passengercars\/models\/coupe\/new\/cla.html\" target=\"_blank\" rel=\"noreferrer noopener\">https:\/\/www.mercedes-benz.fr\/passengercars\/models\/coupe\/new\/cla.html<\/a><\/p>\n\n\n\n<h2 class=\"wp-block-heading\">2023\u5e745\u670828\u65e5<\/h2>\n\n\n\n<p>\uff15\u6708\u3082\u6700\u5f8c\u306e\u9031\u672b\u3067\u3001\u30e1\u30eb\u30bb\u30c7\u30b9\u30fb\u30d9\u30f3\u30c4\u516c\u5f0fSNS\u3067\u306f\u9762\u767d\u3044\u72b6\u6cc1\u306b\u306a\u3063\u3066\u3044\u307e\u3059\u3002<\/p>\n\n\n\n<p>\u672c\u56fd\u3084\u516c\u5f0f\u30d7\u30ec\u30b9\u3067\u306e\u3053\u308c\u3068\u3044\u3063\u305f\u6295\u7a3f\u306f\u306a\u3057\u3002<\/p>\n\n\n\n<p>\u30a2\u30e1\u30ea\u30ab\u3067\u306fEQB\u306e\u9023\u7d9a\u6295\u7a3f\u3002<\/p>\n\n\n\n<p>\u30d5\u30e9\u30f3\u30b3\u30d5\u30a9\u30cb\u30fc\uff08\u30d5\u30e9\u30f3\u30b9\u8a9e\u570f\uff09\u3067\u306fEQS\u306e\u6295\u7a3f\u3002<\/p>\n\n\n\n<p>\u4f55\u304b\u672c\u56fd\u304b\u3089\u6307\u793a\u304c\u51fa\u3066\u3044\u308b\u306e\u3067\u3057\u3087\u3046\u304b\uff1f\u305d\u308c\u3068\u3082\u30d0\u30e9\u30d0\u30e9\uff1f<\/p>\n\n\n\n<p>\u3053\u3061\u3089\u304cEQB\u306e\u6295\u7a3f\uff1a<\/p>\n\n\n\n<blockquote class=\"twitter-tweet\"><p lang=\"en\" dir=\"ltr\">Versatility. Comfortability. Opportunity. The all-electric EQB.\u200b<a href=\"https:\/\/twitter.com\/hashtag\/MercedesBenz?src=hash&amp;ref_src=twsrc%5Etfw\">#MercedesBenz<\/a> <a href=\"https:\/\/twitter.com\/hashtag\/EQB?src=hash&amp;ref_src=twsrc%5Etfw\">#EQB<\/a> <a href=\"https:\/\/twitter.com\/hashtag\/ElectricDreamDays?src=hash&amp;ref_src=twsrc%5Etfw\">#ElectricDreamDays<\/a> <a href=\"https:\/\/t.co\/HpJ9GWhpAk\">pic.twitter.com\/HpJ9GWhpAk<\/a><\/p>&mdash; Mercedes-Benz USA\u3164 (@MercedesBenzUSA) <a href=\"https:\/\/twitter.com\/MercedesBenzUSA\/status\/1662558314301882368?ref_src=twsrc%5Etfw\">May 27, 2023<\/a><\/blockquote> <script async src=\"https:\/\/platform.twitter.com\/widgets.js\" charset=\"utf-8\"><\/script>\n\n\n\n<blockquote class=\"twitter-tweet\"><p lang=\"en\" dir=\"ltr\">The space for more to explore. The all-electric EQB seats up to 7.\u200b<a href=\"https:\/\/twitter.com\/hashtag\/MercedesBenz?src=hash&amp;ref_src=twsrc%5Etfw\">#MercedesBenz<\/a> <a href=\"https:\/\/twitter.com\/hashtag\/EQB?src=hash&amp;ref_src=twsrc%5Etfw\">#EQB<\/a> <a href=\"https:\/\/twitter.com\/hashtag\/ElectricDreamDays?src=hash&amp;ref_src=twsrc%5Etfw\">#ElectricDreamDays<\/a> <a href=\"https:\/\/t.co\/z2ovrfyiHI\">pic.twitter.com\/z2ovrfyiHI<\/a><\/p>&mdash; Mercedes-Benz USA\u3164 (@MercedesBenzUSA) <a href=\"https:\/\/twitter.com\/MercedesBenzUSA\/status\/1662517043088769026?ref_src=twsrc%5Etfw\">May 27, 2023<\/a><\/blockquote> <script async src=\"https:\/\/platform.twitter.com\/widgets.js\" charset=\"utf-8\"><\/script>\n\n\n\n<p>\u3053\u3061\u3089\u304cEQS\u306e\u6295\u7a3f\uff1a<\/p>\n\n\n\n<blockquote class=\"twitter-tweet\"><p lang=\"fr\" dir=\"ltr\">Avec ses 596 km d&#39;autonomie \u00e9lectrique (cycle combin\u00e9 WLTP), l&#39;EQS SUV vous emm\u00e8nera au bout de toutes vos aventures. <a href=\"https:\/\/t.co\/qgac3ca7zf\">https:\/\/t.co\/qgac3ca7zf<\/a><br>\ud83d\udcf7 @phpicsphotography pour <a href=\"https:\/\/twitter.com\/hashtag\/MBcreator?src=hash&amp;ref_src=twsrc%5Etfw\">#MBcreator<\/a> <a href=\"https:\/\/twitter.com\/hashtag\/MercedesBenz?src=hash&amp;ref_src=twsrc%5Etfw\">#MercedesBenz<\/a> <a href=\"https:\/\/twitter.com\/hashtag\/MercedesEQ?src=hash&amp;ref_src=twsrc%5Etfw\">#MercedesEQ<\/a> <a href=\"https:\/\/twitter.com\/hashtag\/Electric?src=hash&amp;ref_src=twsrc%5Etfw\">#Electric<\/a><br>Pensez \u00e0 covoiturer. <a href=\"https:\/\/twitter.com\/hashtag\/SeD%C3%A9placerMoinsPolluer?src=hash&amp;ref_src=twsrc%5Etfw\">#SeD\u00e9placerMoinsPolluer<\/a> <a href=\"https:\/\/t.co\/JO4ibVQxLL\">pic.twitter.com\/JO4ibVQxLL<\/a><\/p>&mdash; Mercedes-Benz France (@MBFRANCE_) <a href=\"https:\/\/twitter.com\/MBFRANCE_\/status\/1662353061874921472?ref_src=twsrc%5Etfw\">May 27, 2023<\/a><\/blockquote> <script async src=\"https:\/\/platform.twitter.com\/widgets.js\" charset=\"utf-8\"><\/script>\n\n\n\n<blockquote class=\"twitter-tweet\"><p lang=\"fr\" dir=\"ltr\">Peu importe o\u00f9 vous m\u00e8ne votre voyage, le <a href=\"https:\/\/twitter.com\/hashtag\/EQSSUV?src=hash&amp;ref_src=twsrc%5Etfw\">#EQSSUV<\/a> est \u00e0 vos c\u00f4t\u00e9s en permanence.<a href=\"https:\/\/t.co\/IkjNLS3OhY\">https:\/\/t.co\/IkjNLS3OhY<\/a><br><br>\ud83d\udcf7 phpicsphotography (IG) pour <a href=\"https:\/\/twitter.com\/hashtag\/MBcreator?src=hash&amp;ref_src=twsrc%5Etfw\">#MBcreator<\/a> <a href=\"https:\/\/twitter.com\/hashtag\/MercedesBenz?src=hash&amp;ref_src=twsrc%5Etfw\">#MercedesBenz<\/a> <a href=\"https:\/\/twitter.com\/hashtag\/MercedesEQ?src=hash&amp;ref_src=twsrc%5Etfw\">#MercedesEQ<\/a> <a href=\"https:\/\/twitter.com\/hashtag\/Electric?src=hash&amp;ref_src=twsrc%5Etfw\">#Electric<\/a> <a href=\"https:\/\/t.co\/ObHax7lwbZ\">pic.twitter.com\/ObHax7lwbZ<\/a><\/p>&mdash; Mercedes-Benz LUX FR (@MBLUX_FR) <a href=\"https:\/\/twitter.com\/MBLUX_FR\/status\/1662413402952671239?ref_src=twsrc%5Etfw\">May 27, 2023<\/a><\/blockquote> <script async src=\"https:\/\/platform.twitter.com\/widgets.js\" charset=\"utf-8\"><\/script>\n\n\n\n<blockquote class=\"twitter-tweet\"><p lang=\"en\" dir=\"ltr\">No matter where your journey leads, the <a href=\"https:\/\/twitter.com\/hashtag\/EQSSUV?src=hash&amp;ref_src=twsrc%5Etfw\">#EQSSUV<\/a> has your back every time.<br><br>\ud83d\udcf7 @phpicsphotography for <a href=\"https:\/\/twitter.com\/hashtag\/MBcreator?src=hash&amp;ref_src=twsrc%5Etfw\">#MBcreator<\/a> <a href=\"https:\/\/twitter.com\/hashtag\/MercedesBenz?src=hash&amp;ref_src=twsrc%5Etfw\">#MercedesBenz<\/a> <a href=\"https:\/\/twitter.com\/hashtag\/MercedesEQ?src=hash&amp;ref_src=twsrc%5Etfw\">#MercedesEQ<\/a> <a href=\"https:\/\/twitter.com\/hashtag\/electric?src=hash&amp;ref_src=twsrc%5Etfw\">#electric<\/a> <a href=\"https:\/\/t.co\/J5dZEiQNhH\">pic.twitter.com\/J5dZEiQNhH<\/a><\/p>&mdash; Mercedes-Benz CH (@MBSwitzerland) <a href=\"https:\/\/twitter.com\/MBSwitzerland\/status\/1662353006078066688?ref_src=twsrc%5Etfw\">May 27, 2023<\/a><\/blockquote> <script async src=\"https:\/\/platform.twitter.com\/widgets.js\" charset=\"utf-8\"><\/script>\n\n\n\n<p>\u540c\u3058\u5199\u771f\u3092\u4f7f\u3044\u306a\u304c\u3089\u71c3\u8cbb\u3060\u3063\u305f\u308a\u642d\u8f09\u91cf\u3060\u3063\u305f\u308a\u3001\u30de\u30c1\u30de\u30c1\u306a\u306e\u304c\u30d5\u30e9\u30f3\u30b9\u8a9e\u570f\u3089\u3057\u304f\u3066\u826f\u3044\u3067\u3059\u30cd\u3002<\/p>\n\n\n\n<h2 class=\"wp-block-heading\">2023\u5e745\u670826\u65e5<\/h2>\n\n\n\n<p>\u30e1\u30eb\u30bb\u30c7\u30b9\u30fb\u30d9\u30f3\u30c4\u306f\u516c\u5f0fSNS\u3067\u65b0\u578bE\u30af\u30e9\u30b9\u306e5\u3064\u7279\u5fb4\u306b\u3064\u3044\u3066\u4f1d\u3048\u3066\u3044\u307e\u3059\u3002<\/p>\n\n\n\n<blockquote class=\"twitter-tweet\"><p lang=\"en\" dir=\"ltr\">The new <a href=\"https:\/\/twitter.com\/hashtag\/EClass?src=hash&amp;ref_src=twsrc%5Etfw\">#EClass<\/a> makes life more convenient. Futuristic features include the <a href=\"https:\/\/twitter.com\/hashtag\/MBUX?src=hash&amp;ref_src=twsrc%5Etfw\">#MBUX<\/a> Superscreen with zero-layer <a href=\"https:\/\/twitter.com\/hashtag\/UI?src=hash&amp;ref_src=twsrc%5Etfw\">#UI<\/a> and voice assistant, <a href=\"https:\/\/twitter.com\/hashtag\/AI?src=hash&amp;ref_src=twsrc%5Etfw\">#AI<\/a> Routines that remember your favorite comfort settings, and advanced driver assistance systems.<\/p>&mdash; Mercedes-Benz (@MercedesBenz) <a href=\"https:\/\/twitter.com\/MercedesBenz\/status\/1661417735866155031?ref_src=twsrc%5Etfw\">May 24, 2023<\/a><\/blockquote> <script async src=\"https:\/\/platform.twitter.com\/widgets.js\" charset=\"utf-8\"><\/script>\n\n\n\n<p>TOP 5 FUTURISTIC FEATURES OF THE NEW E-CLASS<\/p>\n\n\n\n<p>\u3068\u3044\u3046\u3053\u3068\u3067\u3001\u4ee5\u4e0b\u306e5\u679a\u306e\u30b9\u30e9\u30a4\u30c9<\/p>\n\n\n\n<ul class=\"wp-block-list\">\n<li>AI ROUTINES AUTOMATE YOUR FAVOURITE SETTINGS.<\/li>\n\n\n\n<li>COMPLETE VISUAL, AURAL AND TACTILE IMMERSION.<\/li>\n\n\n\n<li>INTUITIVE MBUX SUPERSCREEN WITH VOICE ASSISTANT.<\/li>\n\n\n\n<li>ADVANCED DRIVER ASSISTANTS PROTECT YOUR FAMILY.<\/li>\n\n\n\n<li>E-CLASS EVOLVES WITH 5G OVER-THE-AIR UPDATES.<\/li>\n<\/ul>\n\n\n\n<ul class=\"wp-block-list\">\n<li>AI\u306b\u3088\u308b\u81ea\u52d5\u8a2d\u5b9a<\/li>\n\n\n\n<li>\u8996\u899a\u3001\u8074\u899a\u3001\u89e6\u899a\u306e\u4e00\u4f53\u611f<\/li>\n\n\n\n<li>\u97f3\u58f0\u30a2\u30b7\u30b9\u30bf\u30f3\u30c8\u3092\u5099\u3048\u305f\u76f4\u611f\u7684\u306a MBUX \u30b9\u30fc\u30d1\u30fc\u30b9\u30af\u30ea\u30fc\u30f3<\/li>\n\n\n\n<li>\u9ad8\u5ea6\u306a\u904b\u8ee2\u30a2\u30b7\u30b9\u30bf\u30f3\u30c8\u6a5f\u80fd\u306b\u3088\u308b\u30c9\u30e9\u30a4\u30d0\u30fc\u3068\u540c\u4e57\u8005\u306e\u4fdd\u8b77<\/li>\n\n\n\n<li>5G \u306b\u3088\u308b\u6a5f\u80fd\u66f4\u65b0<\/li>\n<\/ul>\n\n\n\n<p>\u305d\u308c\u305e\u308c\u306e\u30b9\u30e9\u30a4\u30c9\u3068\u3082\u65b0\u578bE\u30af\u30e9\u30b9\u306e\u82f1\u56fd\u30b5\u30a4\u30c8\u306b\u30ea\u30f3\u30af\u3055\u308c\u3066\u3044\u307e\u3059\u3002<\/p>\n\n\n\n<p><a href=\"https:\/\/www.mercedes-benz.co.uk\/passengercars\/models\/saloon\/new\/e-class.html\" target=\"_blank\" rel=\"noreferrer noopener\">https:\/\/www.mercedes-benz.co.uk\/passengercars\/models\/saloon\/new\/e-class.html<\/a><\/p>\n\n\n\n<h2 class=\"wp-block-heading\">2023\u5e745\u670824\u65e5<\/h2>\n\n\n\n<p>\u30e1\u30eb\u30bb\u30c7\u30b9\u30fb\u30d9\u30f3\u30c4\uff08\u30c9\u30a4\u30c4\uff09\u306f\u516c\u5f0fSNS\u3067<\/p>\n\n\n\n<p class=\"has-vivid-cyan-blue-color has-text-color\">\u65b0\u578bA\u30af\u30e9\u30b9\u306e\u30bb\u30c0\u30f3\u306f\u8eca\u5185\u3082\u5916\u89b3\u3082\u7f8e\u3057\u3044\u3002<\/p>\n\n\n\n<p>\u3068\u4f1d\u3048\u3066\u3044\u307e\u3059\u3002<\/p>\n\n\n\n<p>\u53f3\u30cf\u30f3\u30c9\u30eb\uff08\u65e5\u672c\u4ed5\u69d8\uff09\u3068\u5de6\u30cf\u30f3\u30c9\u30eb\u3067\u306f\u3001\u30cf\u30f3\u30c9\u30eb\u306e\u4f4d\u7f6e\u3060\u3051\u3067\u306a\u304f\u3001\u30a8\u30f3\u30b8\u30f3\u30b9\u30bf\u30fc\u30bf\u30fc\u306e\u30dc\u30bf\u30f3\u3084LED\u30e9\u30a4\u30c8\u95a2\u9023\u30c0\u30a4\u30e4\u30eb\u304c\u4ed8\u3044\u3066\u3044\u308b\u4f4d\u7f6e\u3082\u65e5\u672c\u3068\u9006\u3068\u3044\u3046\u306e\u3082\u9762\u767d\u3044\u3067\u3059\u30cd\u3002<\/p>\n\n\n\n<blockquote class=\"twitter-tweet\"><p lang=\"de\" dir=\"ltr\">Einfach sch\u00f6n &#8211; sowohl innen als auch au\u00dfen. \ud83d\ude0d<br><br>Die Mercedes-Benz A-Klasse Limousine.<br>\ud83d\udc49 <a href=\"https:\/\/t.co\/2B0D4JMHM3\">https:\/\/t.co\/2B0D4JMHM3<\/a><a href=\"https:\/\/twitter.com\/hashtag\/MercedesBenz?src=hash&amp;ref_src=twsrc%5Etfw\">#MercedesBenz<\/a> <a href=\"https:\/\/twitter.com\/hashtag\/AKlasse?src=hash&amp;ref_src=twsrc%5Etfw\">#AKlasse<\/a> <a href=\"https:\/\/twitter.com\/hashtag\/Limousine?src=hash&amp;ref_src=twsrc%5Etfw\">#Limousine<\/a> <a href=\"https:\/\/t.co\/dt23Uv3BGY\">pic.twitter.com\/dt23Uv3BGY<\/a><\/p>&mdash; Mercedes-Benz Deutschland (@MercedesBenz_DE) <a href=\"https:\/\/twitter.com\/MercedesBenz_DE\/status\/1660888367008022528?ref_src=twsrc%5Etfw\">May 23, 2023<\/a><\/blockquote> <script async src=\"https:\/\/platform.twitter.com\/widgets.js\" charset=\"utf-8\"><\/script>\n\n\n\n<p>\u3061\u306a\u307f\u306b\u30e1\u30eb\u30bb\u30c7\u30b9\u30fb\u30d9\u30f3\u30c4\uff08\u30d5\u30e9\u30f3\u30b9\uff09\u306e\u516c\u5f0fSNS\u3082\u540c\u69d8\u306a\u6295\u7a3f\u3092\u3057\u3066\u3044\u307e\u3059\u3002<\/p>\n\n\n\n<p>\u30c9\u30a4\u30c4\u3068\u30d5\u30e9\u30f3\u30b9\u304c\u540c\u3058\u6295\u7a3f\u3092\u3059\u308b\u3053\u3068\u306f\u6bd4\u8f03\u7684\u73cd\u3057\u3044\u3067\u3059\u3002<\/p>\n\n\n\n<p>\u305f\u3060\u3001\u30d5\u30e9\u30f3\u30b9\u306e\u65b9\u306f\u30cf\u30a4\u30d6\u30ea\u30c3\u30c9\u8eca\u3060\u3068\u8ffd\u8a18\u3055\u308c\u3066\u3044\u307e\u3059\u3002<\/p>\n\n\n\n<blockquote class=\"twitter-tweet\"><p lang=\"fr\" dir=\"ltr\">Tout simplement magnifique, \u00e0 l&#39;int\u00e9rieur comme \u00e0 l&#39;ext\u00e9rieur. \ud83d\ude0d<br>Nouvelle Classe A Berline Hybride Rechargeable.<a href=\"https:\/\/t.co\/qguiVlFUgo\">https:\/\/t.co\/qguiVlFUgo<\/a> <a href=\"https:\/\/twitter.com\/hashtag\/MercedesBenz?src=hash&amp;ref_src=twsrc%5Etfw\">#MercedesBenz<\/a> <a href=\"https:\/\/twitter.com\/hashtag\/AClass?src=hash&amp;ref_src=twsrc%5Etfw\">#AClass<\/a> <a href=\"https:\/\/twitter.com\/hashtag\/Saloon?src=hash&amp;ref_src=twsrc%5Etfw\">#Saloon<\/a><br>Au quotidien, prenez les transports en commun. <a href=\"https:\/\/twitter.com\/hashtag\/SeD%C3%A9placerMoinsPolluer?src=hash&amp;ref_src=twsrc%5Etfw\">#SeD\u00e9placerMoinsPolluer<\/a> <a href=\"https:\/\/t.co\/aF5170Y1Ab\">pic.twitter.com\/aF5170Y1Ab<\/a><\/p>&mdash; Mercedes-Benz France (@MBFRANCE_) <a href=\"https:\/\/twitter.com\/MBFRANCE_\/status\/1660541085083394048?ref_src=twsrc%5Etfw\">May 22, 2023<\/a><\/blockquote> <script async src=\"https:\/\/platform.twitter.com\/widgets.js\" charset=\"utf-8\"><\/script>\n\n\n\n<h2 class=\"wp-block-heading\">2023\u5e745\u670823\u65e5<\/h2>\n\n\n\n<p>\u30e1\u30eb\u30bb\u30c7\u30b9\u30fb\u30d9\u30f3\u30c4\uff08\u7c73\u56fd\uff09\u306f\u516c\u5f0fSNS\u3067<\/p>\n\n\n\n<p class=\"has-vivid-cyan-blue-color has-text-color\">\u30aa\u30fc\u30d7\u30f3\u30c8\u30c3\u30d7\u3067\u3001\u98a8\u306b\u9aea\u3092\u306a\u3073\u304b\u305b\u3001\u304a\u6c17\u5165\u308a\u306e\u97f3\u697d\u3092\u30ac\u30f3\u30ac\u30f3\u6d41\u3057\u307e\u3057\u3087\u3046\u3002<\/p>\n\n\n\n<p>\u3068\u4f1d\u3048\u3066\u3044\u307e\u3059\u3002<\/p>\n\n\n\n<p>\u3044\u304b\u306b\u3082\u30a2\u30e1\u30ea\u30ab\u3002<\/p>\n\n\n\n<p>\u65e5\u672c\u306f\u84b8\u3057\u6691\u3044\u3053\u306e\u6642\u671f\u3001\u30a2\u30e1\u30ea\u30ab\u306f\u4e7e\u71e5\u3057\u3066\u723d\u3084\u304b\u306a\u9752\u7a7a\u304c\u5e83\u304c\u3063\u3066\u3044\u307e\u3059\u3002<\/p>\n\n\n\n<p>\u30dc\u30c7\u30a3\u30ab\u30e9\u30fc\u3082\u30ab\u30ea\u30d5\u30a9\u30eb\u30cb\u30a2\u306e\u9752\u3044\u7a7a\u306e\u3088\u3046\u306a\u3002<\/p>\n\n\n\n<p>\u3042\u3041\u3001\u3046\u3089\u3084\u307e\u3057\u3044\uff0e\uff0e\uff0e<\/p>\n\n\n\n<blockquote class=\"twitter-tweet\"><p lang=\"en\" dir=\"ltr\">Top down, wind in your hair? Or top up, music loud?<br><br>The new Mercedes-AMG SL 43 is whatever you need it to be, especially if you need something sleek and powerful. Unique detailing, like rounded double-tailpipe trim accents, separates the Roadster from its SL siblings. <a href=\"https:\/\/t.co\/oMtmWZh3ag\">pic.twitter.com\/oMtmWZh3ag<\/a><\/p>&mdash; Mercedes-Benz USA\u3164 (@MercedesBenzUSA) <a href=\"https:\/\/twitter.com\/MercedesBenzUSA\/status\/1660677037760102403?ref_src=twsrc%5Etfw\">May 22, 2023<\/a><\/blockquote> <script async src=\"https:\/\/platform.twitter.com\/widgets.js\" charset=\"utf-8\"><\/script>\n\n\n\n<h2 class=\"wp-block-heading\">2023\u5e745\u670819\u65e5<\/h2>\n\n\n\n<p>\u30e1\u30eb\u30bb\u30c7\u30b9\u30fb\u30d9\u30f3\u30c4\u306f\u516c\u5f0fSNS\u3067<\/p>\n\n\n\n<p class=\"has-vivid-cyan-blue-color has-text-color\">VAN.EA \u306f\u5c02\u7528\u30d0\u30c3\u30c6\u30ea\u30fc\u96fb\u6c17\u81ea\u52d5\u8eca\u3068\u3057\u3066\u30bc\u30ed\u304b\u3089\u958b\u767a\u3055\u308c\u305f\u65b0\u305f\u306a\u30a2\u30fc\u30ad\u30c6\u30af\u30c1\u30e3\u3067\u3059\u3002<\/p>\n\n\n\n<p class=\"has-vivid-cyan-blue-color has-text-color\">\u30e2\u30b8\u30e5\u30fc\u30eb\u958b\u767a\u3055\u308c\u3066\u3044\u308b\u306e\u3067\u69d8\u3005\u306a\u30d0\u30f3\u30bf\u30a4\u30d7\u306b\u9069\u7528\u3059\u308b\u3053\u3068\u304c\u53ef\u80fd\u3067\u3059\u3002<\/p>\n\n\n\n<p>\u3068\u4f1d\u3048\u3066\u3044\u307e\u3059\u3002<\/p>\n\n\n\n<blockquote class=\"twitter-tweet\"><p lang=\"en\" dir=\"ltr\">With VAN.EA, a modular &amp; scalable purpose-built EV architecture, Mercedes-Benz <a href=\"https:\/\/twitter.com\/hashtag\/Vans?src=hash&amp;ref_src=twsrc%5Etfw\">#Vans<\/a> sets the course for a fully electric future. According to the \u201celectric only\u201d strategy, VAN.EA has been developed from scratch as a purpose battery electric vehicle. More: <a href=\"https:\/\/t.co\/7H3te4h7yX\">https:\/\/t.co\/7H3te4h7yX<\/a> <a href=\"https:\/\/t.co\/oUwGik1qQj\">pic.twitter.com\/oUwGik1qQj<\/a><\/p>&mdash; Mercedes-Benz Press (@MB_Press) <a href=\"https:\/\/twitter.com\/MB_Press\/status\/1658805484705415168?ref_src=twsrc%5Etfw\">May 17, 2023<\/a><\/blockquote> <script async src=\"https:\/\/platform.twitter.com\/widgets.js\" charset=\"utf-8\"><\/script>\n\n\n\n<p>\u65e5\u672c\u56fd\u5185\u306e\u4e00\u90e8\u30e1\u30c7\u30a3\u30a2\u306fV\u30af\u30e9\u30b9\u306e\u65b0\u578b\u304c\u767a\u8868\u3055\u308c\u308b\u3068\u4f1d\u3048\u3066\u3044\u307e\u3059\u3002<\/p>\n\n\n\n<p>\u305d\u306e\u30cd\u30bf\u5143\u306e\u30e1\u30eb\u30bb\u30c7\u30b9\u30fb\u30d9\u30f3\u30c4\u306e\u767a\u8868\u306f\u4e00\u90e8\u8eca\u7a2e\u306e\u9650\u5b9a\u60c5\u5831\u3067\u306f\u306a\u304f\u30d0\u30f3\u30bf\u30a4\u30d7\u5171\u901a\u65b0\u898f\u30a2\u30fc\u30ad\u30c6\u30af\u30c1\u30e3\u306b\u3064\u3044\u3066\u5e83\u304f\u89e6\u308c\u3066\u3044\u308b\u3082\u306e\u3067\u3059\u3002<\/p>\n\n\n\n<blockquote class=\"twitter-tweet\"><p lang=\"en\" dir=\"ltr\">The EQT combines variability and high-quality equipment level with the advantages of all-electric drive.<br><br>[EQT 200 Standard | WLTP: Stromverbrauch kombiniert: 18,99 kWh\/100 km | CO\u2082-Emissionen kombiniert: 0 kWh\/100 km | <a href=\"https:\/\/t.co\/87YO8BA9ov\">https:\/\/t.co\/87YO8BA9ov<\/a>]&mdash; Mercedes-Benz (@MercedesBenz) <a href=\"https:\/\/twitter.com\/MercedesBenz\/status\/1659227350528040961?ref_src=twsrc%5Etfw\">May 18, 2023<\/a><\/blockquote> <script async src=\"https:\/\/platform.twitter.com\/widgets.js\" charset=\"utf-8\"><\/script>\n\n\n\n<h2 class=\"wp-block-heading\">2023\u5e745\u670818\u65e5<\/h2>\n\n\n\n<p>\u30e1\u30eb\u30bb\u30c7\u30b9\u30fb\u30d9\u30f3\u30c4\u306e\u516c\u5f0fSNS\u306f<\/p>\n\n\n\n<p class=\"has-vivid-cyan-blue-color has-text-color\">2026 \u5e74\u304b\u3089\u65b0\u3057\u3044\u30a2\u30fc\u30ad\u30c6\u30af\u30c1\u30e3\u306b\u57fa\u3065\u304f\u3059\u3079\u3066\u306e\u4e2d\u578b\u304a\u3088\u3073\u5927\u578b\u30d0\u30f3\u306f\u96fb\u6c17\u5c02\u7528\u306b\u306a\u308a\u307e\u3059\u3002<\/p>\n\n\n\n<p class=\"has-vivid-cyan-blue-color has-text-color\">\u76ee\u6a19\uff1aEV \u30b7\u30a7\u30a2\u3092 2026 \u5e74\u307e\u3067\u306b\u6700\u5927 20%\u30012030 \u5e74\u307e\u3067\u306b 50% \u4ee5\u4e0a\u306b\u3059\u308b\u3002<\/p>\n\n\n\n<p>\u3068\u4f1d\u3048\u3066\u3044\u307e\u3059\u3002<\/p>\n\n\n\n<p>2030\u5e74\u3067\u308250\uff05\u4ee5\u4e0a\u3068\u3044\u3046\u3053\u3068\u306a\u306e\u3067\u3001\u9053\u306e\u308a\u306f\u9577\u305d\u3046\u3067\u3059\u3002<\/p>\n\n\n\n<blockquote class=\"twitter-tweet\"><p lang=\"en\" dir=\"ltr\">With VAN.EA, Mercedes-Benz Vans implements the next stage in its electrification strategy. Starting 2026, all midsize and large vans based on the new modular architecture will be electric-only. Our target: an EV share of up to 20% by 2026 and more than 50% by 2030.<a href=\"https:\/\/twitter.com\/hashtag\/Vans?src=hash&amp;ref_src=twsrc%5Etfw\">#Vans<\/a> <a href=\"https:\/\/twitter.com\/hashtag\/Strategy?src=hash&amp;ref_src=twsrc%5Etfw\">#Strategy<\/a><\/p>&mdash; Mercedes-Benz Press (@MB_Press) <a href=\"https:\/\/twitter.com\/MB_Press\/status\/1658834764164628480?ref_src=twsrc%5Etfw\">May 17, 2023<\/a><\/blockquote> <script async src=\"https:\/\/platform.twitter.com\/widgets.js\" charset=\"utf-8\"><\/script>\n\n\n\n<h2 class=\"wp-block-heading\">2023\u5e745\u670814\u65e5<\/h2>\n\n\n\n<p>\u4eca\u65e5\u306f\u65e5\u66dc\u65e5\u3002<\/p>\n\n\n\n<p>\u6642\u5dee\u306e\u95a2\u4fc2\u3082\u3042\u308a\u307e\u3059\u304c\u3001\u4e16\u754c\u5404\u56fd\u306e\u30e1\u30eb\u30bb\u30c7\u30b9\u30fb\u30d9\u30f3\u30c4\u306e\u516c\u5f0fSNS\u306f\u304a\u4f11\u307f\u30e2\u30fc\u30c9\u3002<\/p>\n\n\n\n<p>\u305d\u3053\u3067\u65e5\u672c\u306e\u30e1\u30eb\u30bb\u30c7\u30b9\u30df\u30fc\u306e\u8a71\u984c\u304b\u3089\u3002<\/p>\n\n\n\n<p>\u30b7\u30e7\u30fc\u30eb\u30fc\u30e0\u3067\u6642\u9593\u3064\u3076\u3057\u306b\u30e1\u30eb\u30bb\u30c7\u30b9\u30fb\u30d9\u30f3\u30c4\u306e\u96d1\u8ca8\u3092\u773a\u3081\u308b\u3053\u3068\u304c\u3042\u308a\u307e\u3059\u304c\u30b7\u30e3\u30c3\u304c\u767b\u5834\u3057\u305f\u3088\u3046\u3067\u3059\u3002<\/p>\n\n\n\n<p>\u4eca\u5ea6\u5b9f\u7269\u3092\u898b\u3066\u307f\u307e\u3059\u304c\u3001\u30b7\u30e3\u30c4\u306b\u3057\u3066\u306f\u5c11\u3057\u304a\u9ad8\u3044\uff0e\uff0e\uff0e\u304b\u306a\uff1f<\/p>\n\n\n\n<blockquote class=\"twitter-tweet\"><p lang=\"ja\" dir=\"ltr\">\u30b9\u30ea\u30fc\u30dd\u30a4\u30f3\u30c6\u30c3\u30c9\u30b9\u30bf\u30fc\u3092\u80f8\u306b\u914d\u3057\u305f\u3001\u30b7\u30f3\u30d7\u30eb\u304b\u3064\u30b9\u30dd\u30fc\u30c6\u30a3\u30fc\u306a\u30d0\u30a4\u30ab\u30e9\u30fc\u306e\u30e2\u30c3\u30af\u30cd\u30c3\u30af\u30b7\u30e3\u30c4\u304c\u65b0\u767b\u5834\u3067\u3059\uff01<br>\u305c\u3072\u304a\u8fd1\u304f\u306e\u5e97\u8217\u3067\u624b\u306b\u53d6\u3063\u3066\u3054\u89a7\u304f\u3060\u3055\u3044\u3002<br>\u30fbMercedes-Benz \u00d7 Titleist \u30e1\u30c3\u30b7\u30e5 \u30e2\u30c3\u30af\u30cd\u30c3\u30af\u30b7\u30e3\u30c4 (\u30b0\u30ec\u30fc\/\u30d6\u30e9\u30c3\u30af)\uff1a18,150\u5186 (\u7a0e\u8fbc)<a href=\"https:\/\/twitter.com\/hashtag\/%E3%83%A1%E3%83%AB%E3%82%BB%E3%83%87%E3%82%B9%E3%83%9F%E3%83%BC?src=hash&amp;ref_src=twsrc%5Etfw\">#\u30e1\u30eb\u30bb\u30c7\u30b9\u30df\u30fc<\/a> <a href=\"https:\/\/t.co\/m8PpCwbE6r\">pic.twitter.com\/m8PpCwbE6r<\/a><\/p>&mdash; \u30e1\u30eb\u30bb\u30c7\u30b9 \u30df\u30fc\/Mercedes me (@mercedesme_jp) <a href=\"https:\/\/twitter.com\/mercedesme_jp\/status\/1656205388709253120?ref_src=twsrc%5Etfw\">May 10, 2023<\/a><\/blockquote> <script async src=\"https:\/\/platform.twitter.com\/widgets.js\" charset=\"utf-8\"><\/script>\n\n\n\n<h2 class=\"wp-block-heading\">2023\u5e745\u670813\u65e5<\/h2>\n\n\n\n<p>\u30e1\u30eb\u30bb\u30c7\u30b9\u30fb\u30d9\u30f3\u30c4\u306e\u30b3\u30f3\u30d1\u30af\u30c8\u30d6\u30e9\u30f3\u30c9\u300cSMART\u300d\u3002<\/p>\n\n\n\n<p>\u73fe\u5728\u65e5\u672c\u3067\u306f\u4e09\u4ee3\u76ee\u304c\u8ca9\u58f2\u3055\u308c\u3066\u3044\u307e\u3059\u3002<\/p>\n\n\n\n<p><a href=\"http:\/\/www.mercedes-benz.jp\/passenger\/estimate\/smart_fortwo\/\" target=\"_blank\" rel=\"noreferrer noopener\">http:\/\/www.mercedes-benz.jp\/passenger\/estimate\/smart_fortwo\/<\/a><\/p>\n\n\n\n<p>\u305d\u306eSMART\u306bEV\u306e\u6700\u65b0\u578b\u304c\u767b\u5834\u3067\u3059\u3002\uff08\u65e5\u672c\u306b\u5c0e\u5165\u3055\u308c\u308b\u304b\u306f\u4e0d\u660e\u3067\u3059\u304c\uff09<\/p>\n\n\n\n<blockquote class=\"twitter-tweet\"><p lang=\"de\" dir=\"ltr\">Bist du bereit? Freue dich auf die elektrische Zukunft mit dem neuen smart #1.\u26a1<br><br>Mehr Informationen unter: <a href=\"https:\/\/t.co\/MfbGCgB5rI\">https:\/\/t.co\/MfbGCgB5rI<\/a> <a href=\"https:\/\/t.co\/APefkEqWGt\">pic.twitter.com\/APefkEqWGt<\/a><\/p>&mdash; Mercedes-Benz Berlin (@Mercedes_Berlin) <a href=\"https:\/\/twitter.com\/Mercedes_Berlin\/status\/1656601349054767104?ref_src=twsrc%5Etfw\">May 11, 2023<\/a><\/blockquote> <script async src=\"https:\/\/platform.twitter.com\/widgets.js\" charset=\"utf-8\"><\/script>\n\n\n\n<p>\u8eca\u5185\u3082\u306a\u304b\u306a\u304b\u30aa\u30b7\u30e3\u30ec\u3067\u3059\u30cd\u3002<\/p>\n\n\n\n<figure class=\"wp-block-image size-large is-resized\"><a href=\"https:\/\/mercedes-benz-cla.kyoto-svp.com\/wp-content\/uploads\/2023\/05\/eu-pro-lightning-metablack-lumenyellow-int-008-front-roominess-urban.jpg\" target=\"_blank\" rel=\"noreferrer noopener\"><img loading=\"lazy\" decoding=\"async\" src=\"https:\/\/mercedes-benz-cla.kyoto-svp.com\/wp-content\/uploads\/2023\/05\/eu-pro-lightning-metablack-lumenyellow-int-008-front-roominess-urban-1024x577.jpg\" alt=\"\" class=\"wp-image-1354\" width=\"535\" height=\"301\" srcset=\"https:\/\/mercedes-benz-cla.kyoto-svp.com\/wp-content\/uploads\/2023\/05\/eu-pro-lightning-metablack-lumenyellow-int-008-front-roominess-urban-1024x577.jpg 1024w, https:\/\/mercedes-benz-cla.kyoto-svp.com\/wp-content\/uploads\/2023\/05\/eu-pro-lightning-metablack-lumenyellow-int-008-front-roominess-urban-300x169.jpg 300w, https:\/\/mercedes-benz-cla.kyoto-svp.com\/wp-content\/uploads\/2023\/05\/eu-pro-lightning-metablack-lumenyellow-int-008-front-roominess-urban-768x433.jpg 768w, https:\/\/mercedes-benz-cla.kyoto-svp.com\/wp-content\/uploads\/2023\/05\/eu-pro-lightning-metablack-lumenyellow-int-008-front-roominess-urban.jpg 1280w\" sizes=\"auto, (max-width: 535px) 100vw, 535px\" \/><\/a><\/figure>\n\n\n\n<p>\u8a73\u3057\u304f\u306f\u516c\u5f0f\u30b5\u30a4\u30c8\u3067\uff1a<\/p>\n\n\n\n<p><a href=\"https:\/\/www.mercedes-benz-berlin.de\/passengercars\/news\/a-smart-future-awaits-you.html\" target=\"_blank\" rel=\"noreferrer noopener\">https:\/\/www.mercedes-benz-berlin.de\/passengercars\/news\/a-smart-future-awaits-you.html<\/a><\/p>\n\n\n\n<h2 class=\"wp-block-heading\">2023\u5e745\u670811\u65e5<\/h2>\n\n\n\n<p>\u30e1\u30eb\u30bb\u30c7\u30b9\u30fb\u30d9\u30f3\u30c4\uff08\u30c9\u30a4\u30c4\uff09\u306e\u516c\u5f0fSNS\u306f\u65b0\u578bCLA\u30af\u30fc\u30da\u306b\u3064\u3044\u3066\u6295\u7a3f\u3057\u3066\u3044\u307e\u3059\u3002<\/p>\n\n\n\n<p class=\"has-vivid-cyan-blue-color has-text-color\">CLA\u30af\u30fc\u30da\u306f\u30d5\u30ec\u30fc\u30e0\u30ec\u30b9\u306e\u30c9\u30a2\u306a\u306e\u3067\u3001\u3068\u3066\u3082\u30b9\u30bf\u30a4\u30ea\u30c3\u30b7\u30e5\u3002<\/p>\n\n\n\n<p class=\"has-vivid-cyan-blue-color has-text-color\">\u30db\u30ef\u30a4\u30c8\u7cfb\u3068\u30d6\u30ed\u30f3\u30ba\u7cfb\u306e\u3069\u3061\u3089\u306e\u30ab\u30e9\u30fc\u30ea\u30f3\u30b0\u304c\u304a\u597d\u304d\u3067\u3059\u304b\uff1f<\/p>\n\n\n\n<p>\u3068\u4f1d\u3048\u3066\u3044\u307e\u3059\u3002<\/p>\n\n\n\n<blockquote class=\"twitter-tweet\"><p lang=\"de\" dir=\"ltr\">Das <a href=\"https:\/\/twitter.com\/hashtag\/MercedesBenz?src=hash&amp;ref_src=twsrc%5Etfw\">#MercedesBenz<\/a> CLA <a href=\"https:\/\/twitter.com\/hashtag\/Coup%C3%A9?src=hash&amp;ref_src=twsrc%5Etfw\">#Coup\u00e9<\/a> sorgt dank eleganter Silhouette mit vier rahmenlosen T\u00fcren f\u00fcr einen gelungenen Auftritt. <br><br>Welches <a href=\"https:\/\/twitter.com\/hashtag\/CLA?src=hash&amp;ref_src=twsrc%5Etfw\">#CLA<\/a> Coup\u00e9 w\u00fcrdet ihr lieber nehmen? \ud83e\udd0d oder \ud83e\udd0e?<br><br>Jetzt konfigurieren!<br>\ud83d\udc49 <a href=\"https:\/\/t.co\/75MTbm6v72\">https:\/\/t.co\/75MTbm6v72<\/a> <a href=\"https:\/\/t.co\/z3wsL7Sezf\">pic.twitter.com\/z3wsL7Sezf<\/a><\/p>&mdash; Mercedes-Benz Deutschland (@MercedesBenz_DE) <a href=\"https:\/\/twitter.com\/MercedesBenz_DE\/status\/1656328397239320579?ref_src=twsrc%5Etfw\">May 10, 2023<\/a><\/blockquote> <script async src=\"https:\/\/platform.twitter.com\/widgets.js\" charset=\"utf-8\"><\/script>\n\n\n\n<p>\u30c9\u30a4\u30c4\u306e\u30e1\u30eb\u30bb\u30c7\u30b9\u30fb\u30d9\u30f3\u30c4\u516c\u5f0f\u30b5\u30a4\u30c8\u306e\u65b0\u578bCLA\u306e\u30da\u30fc\u30b8\u306f\u3055\u3089\u306b\u8a73\u7d30\u306a\u60c5\u5831\u304c\u8ffd\u52a0\u3055\u308c\u3066\u3044\u307e\u3059\u3002<\/p>\n\n\n\n<p><a href=\"https:\/\/www.mercedes-benz.de\/passengercars\/models\/coupe\/cla\/overview.html\" target=\"_blank\" rel=\"noreferrer noopener\">https:\/\/www.mercedes-benz.de\/passengercars\/models\/coupe\/cla\/overview.html<\/a><\/p>\n\n\n\n<p>\u4e00\u65b9\u3001\u65e5\u672c\u3067\u306f\u3044\u307e\u3060\u306b\u65b0\u578bCLA\u306b\u3064\u3044\u3066\u306e\u60c5\u5831\u306f\u4e00\u5207\u306a\u3057\uff0e\uff0e\uff0e\uff08\u6d99\uff09<\/p>\n\n\n\n<p>\u5c0e\u5165\u6642\u306b\u306f\u662f\u975e\u30d7\u30e9\u30b0\u30a4\u30f3\u30cf\u30a4\u30d6\u30ea\u30c3\u30c9\u306e\u300cCLA 250e\u300d\u3082\u304a\u9858\u3044\u3044\u305f\u3057\u307e\u3059\uff01<\/p>\n\n\n\n<h2 class=\"wp-block-heading\">2023\u5e745\u670810\u65e5<\/h2>\n\n\n\n<p>\u30e1\u30eb\u30bb\u30c7\u30b9\u30fb\u30d9\u30f3\u30c4\u5e83\u5831\u306f\u516c\u5f0fSNS\u3067<\/p>\n\n\n\n<p class=\"has-vivid-cyan-blue-color has-text-color\">\u300ceCitan\u300d\u306f\u5927\u304d\u306a\u30b9\u30da\u30fc\u30b9\u3067\u9ad8\u3044\u7a4d\u8f09\u91cf\u3092\u5099\u3048\u3066\u3044\u308b\u306b\u3082\u304b\u304b\u308f\u3089\u305a\u30b3\u30f3\u30d1\u30af\u30c8\u30b5\u30a4\u30ba\u3002<\/p>\n\n\n\n<p class=\"has-vivid-cyan-blue-color has-text-color\">\u3057\u304b\u3082CO2\u3092\u6392\u51fa\u3057\u306a\u3044\u3002<\/p>\n\n\n\n<p>\u3068\u4f1d\u3048\u3066\u3044\u307e\u3059\u3002<\/p>\n\n\n\n<p>\u3053\u306e\u300ceCitan\u300d\u306a\u3093\u3066\u65e5\u672c\u306e\u9053\u8def\u4e8b\u60c5\u3084\u4f4f\u74b0\u5883\u3001CO2\u30bc\u30ed\u3092\u76ee\u6307\u3059\u65b9\u91dd\u306b\u307e\u3055\u306b\u30d4\u30c3\u30bf\u30ea\u3067\u3059\u30cd\u3002<\/p>\n\n\n\n<p>\uff08\u3067\u3082\u8f38\u5165\u3055\u308c\u308b\u3053\u3068\u306f\u306a\u3044\uff0e\uff0e\uff0e\uff09<\/p>\n\n\n\n<blockquote class=\"twitter-tweet\"><p lang=\"en\" dir=\"ltr\"><a href=\"https:\/\/twitter.com\/hashtag\/MercedesBenz?src=hash&amp;ref_src=twsrc%5Etfw\">#MercedesBenz<\/a> <a href=\"https:\/\/twitter.com\/hashtag\/Vans?src=hash&amp;ref_src=twsrc%5Etfw\">#Vans<\/a> sets another example for locally CO2 emission-free transport: The new <a href=\"https:\/\/twitter.com\/hashtag\/eCitan?src=hash&amp;ref_src=twsrc%5Etfw\">#eCitan<\/a> opens up a wide range of possible uses thanks to its compact exterior dimensions with a large amount of space and a high load capacity. <br><br>More: <a href=\"https:\/\/t.co\/mkuwH6vu12\">https:\/\/t.co\/mkuwH6vu12<\/a> <a href=\"https:\/\/t.co\/hSY56cECqt\">pic.twitter.com\/hSY56cECqt<\/a><\/p>&mdash; Mercedes-Benz Press (@MB_Press) <a href=\"https:\/\/twitter.com\/MB_Press\/status\/1655919886386724867?ref_src=twsrc%5Etfw\">May 9, 2023<\/a><\/blockquote> <script async src=\"https:\/\/platform.twitter.com\/widgets.js\" charset=\"utf-8\"><\/script>\n\n\n\n<p>\u65e5\u672c\u3067\u306f\u300ceCitan\u300d\u3069\u3053\u308d\u304b\u3001\u30e1\u30eb\u30bb\u30c7\u30b9\u30fb\u30d9\u30f3\u30c4\u306e\u5546\u7528\u8eca\u306e\u60c5\u5831\u306b\u306f\u307b\u307c\u307b\u307c\u63a5\u3059\u308b\u3053\u3068\u304c\u3042\u308a\u307e\u305b\u3093\u3002<\/p>\n\n\n\n<p>\u307e\u308c\u306b\u30e1\u30eb\u30bb\u30c7\u30b9\u30fb\u30d9\u30f3\u30c4\u306e\u30d0\u30b9\u3084\u30c8\u30e9\u30c3\u30af\u3092\u898b\u304b\u3051\u3066\u300c\u3078\u3047\uff5e\u300d\u3068\u306a\u308a\u307e\u3059\u304c\uff0e\uff0e\uff0e<\/p>\n\n\n\n<p>\u3053\u308c\u306f\u3054\u5b58\u3058\u306e\u3088\u3046\u306b\u65e5\u672c\u3067\u306e\u8ca9\u58f2\u6226\u7565\u304c\u9ad8\u7d1a\u30d7\u30ec\u30df\u30a2\u30e0\u8def\u7dda\u3092\u3068\u3063\u3066\u3044\u308b\u305f\u3081\u3067\u3059\u3002<\/p>\n\n\n\n<p>\u3061\u306a\u307f\u306b\u662d\u548c\u306e\u6642\u4ee3\u3067\u306f\u300c\u30d9\u30f3\u30c4\u306f\u304a\u533b\u8005\u3055\u3093\u304c\u4e57\u308b\u8eca\u300d\u3067\u3057\u305f\u3002<\/p>\n\n\n\n<p>\u3053\u308c\u306f\u304a\u533b\u8005\u3055\u3093\u304c\u304a\u91d1\u6301\u3061\u3060\u304b\u3089\u3060\u3068\u8aa4\u89e3\u3055\u308c\u308b\u3053\u3068\u3082\u3042\u308b\u306e\u3067\u3059\u304c\u300c\u30d9\u30f3\u30c4\u306f\u58ca\u308c\u306a\u3044\u300d\u304b\u3089\u304c\u6b63\u89e3\u3067\u3057\u305f\u3002<\/p>\n\n\n\n<p>\u304a\u533b\u8005\u3055\u3093\u304c\u6025\u60a3\u306e\u3082\u3068\u306b\u99c6\u3051\u4ed8\u3051\u308b\u969b\u306b\u8eca\u306b\u30c8\u30e9\u30d6\u30eb\u304c\u3042\u3063\u3066\u306f\u56f0\u308b\u304b\u3089\u3067\u3059\u3002<\/p>\n\n\n\n<p>\u30eb\u30a4\u30f4\u30a3\u30c8\u30f3\u304c\u4e08\u592b\u306a\u65c5\u884c\u9784\u3068\u3057\u3066\u77e5\u3089\u308c\u308b\u3088\u3046\u306b\u306a\u308a\u3001\u3084\u304c\u3066\u30d6\u30e9\u30f3\u30c9\u3068\u306a\u3063\u305f\u7d4c\u7def\u3068\u4f3c\u3066\u3044\u307e\u3059\u30cd\u3002<\/p>\n\n\n\n<h2 class=\"wp-block-heading\">2023\u5e745\u67089\u65e5<\/h2>\n\n\n\n<p>\u30e1\u30eb\u30bb\u30c7\u30b9\u30fb\u30d9\u30f3\u30c4\u306e\u516c\u5f0fSNS\u3067\u306f<\/p>\n\n\n\n<p>\u65b0\u578bE\u30af\u30e9\u30b9\u306e\u65b0\u3057\u3044\u753b\u50cf\u304c\u6295\u7a3f\u3055\u308c\u3066\u3044\u307e\u3059\u3002<\/p>\n\n\n\n<blockquote class=\"twitter-tweet\"><p lang=\"en\" dir=\"ltr\">The new E-Class delivers immersive, interactive entertainment. <a href=\"https:\/\/twitter.com\/hashtag\/MercedesBenz?src=hash&amp;ref_src=twsrc%5Etfw\">#MercedesBenz<\/a> <a href=\"https:\/\/twitter.com\/hashtag\/EClass?src=hash&amp;ref_src=twsrc%5Etfw\">#EClass<\/a><\/p>&mdash; Mercedes-Benz (@MercedesBenz) <a href=\"https:\/\/twitter.com\/MercedesBenz\/status\/1655588367910973441?ref_src=twsrc%5Etfw\">May 8, 2023<\/a><\/blockquote> <script async src=\"https:\/\/platform.twitter.com\/widgets.js\" charset=\"utf-8\"><\/script>\n\n\n\n<p>\u3053\u3061\u3089\u306f\u30e1\u30eb\u30bb\u30c7\u30b9\u30fb\u30d9\u30f3\u30c4\u5e83\u5831\u306e\u516c\u5f0fSNS\u3002<\/p>\n\n\n\n<p>\u6700\u65b0\u306eMBUX\u3067\u306f\u52a9\u624b\u5e2d\u3067\u6620\u753b\u3092\u89b3\u3066\u3044\u3066\u3082\u3001\u30c9\u30e9\u30a4\u30d0\u30fc\u304c\u6c17\u304c\u6563\u3089\u306a\u3044\u3088\u3046\u306b\u30b7\u30fc\u30eb\u30c9\u3059\u308b\u6a5f\u80fd\u304c\u3042\u308b\u3068\u65b0\u578bE\u30af\u30e9\u30b9\u306e\u753b\u50cf\u3092\u4f7f\u3063\u3066\u8aac\u660e\u3057\u3066\u3044\u307e\u3059\u3002<\/p>\n\n\n\n<blockquote class=\"twitter-tweet\"><p lang=\"en\" dir=\"ltr\">If the seat occupancy detection system registers a passenger, the touch surface of the display can be used via <a href=\"https:\/\/twitter.com\/hashtag\/MBUX?src=hash&amp;ref_src=twsrc%5Etfw\">#MBUX<\/a>. The visual shield function reduces its brightness &amp; therefore the risk of driver distraction while the passenger can watch movies.<br><br>More: <a href=\"https:\/\/t.co\/6Sw9NfSz2b\">https:\/\/t.co\/6Sw9NfSz2b<\/a> <a href=\"https:\/\/t.co\/ku4BvxCYnf\">pic.twitter.com\/ku4BvxCYnf<\/a><\/p>&mdash; Mercedes-Benz Press (@MB_Press) <a href=\"https:\/\/twitter.com\/MB_Press\/status\/1655543074079277056?ref_src=twsrc%5Etfw\">May 8, 2023<\/a><\/blockquote> <script async src=\"https:\/\/platform.twitter.com\/widgets.js\" charset=\"utf-8\"><\/script>\n\n\n\n<p>\u65b0\u578bE\u30af\u30e9\u30b9\u306e\u30d7\u30ec\u30b9\u5411\u3051\u753b\u50cf\u306f172\u679a\u3001\u52d5\u753b\u306f6\u672c\u307e\u3067\u8ffd\u52a0\u3055\u308c\u3066\u3044\u307e\u3059\u3002<\/p>\n\n\n\n<p>\u306f\u3084\u304f\u65e5\u672c\u3067\u8ca9\u58f2\u3055\u308c\u306a\u3044\u304b\u306a\u3041\uff5e\u3002<\/p>\n\n\n\n<h2 class=\"wp-block-heading\">2023\u5e745\u67088\u65e5<\/h2>\n\n\n\n<p>\u30e1\u30eb\u30bb\u30c7\u30b9\u30fb\u30d9\u30f3\u30c4\u306e\u516c\u5f0fSNS\u3067\u306f\u65b0\u578bE\u30af\u30e9\u30b9\u306e\u30c7\u30a3\u30b9\u30d7\u30ec\u30a4\u306b\u3064\u3044\u3066<\/p>\n\n\n\n<p class=\"has-vivid-cyan-blue-color has-text-color\">2 \u3064\u306e\u8868\u793a\u30b9\u30bf\u30a4\u30eb\u3068 3 \u3064\u306e\u30e2\u30fc\u30c9\u3067\u69d8\u3005\u306a\u60c5\u5831\u3092\u63d0\u4f9b\u3057\u3001\u8868\u793a\u3055\u308c\u308b\u30a2\u30a4\u30b3\u30f3\u3082\u65b0\u30c7\u30b6\u30a4\u30f3\u306b\u306a\u3063\u3066\u3044\u307e\u3059\u3002<\/p>\n\n\n\n<p>\u3068\u4f1d\u3048\u3066\u3044\u307e\u3059\u3002<\/p>\n\n\n\n<blockquote class=\"twitter-tweet\"><p lang=\"en\" dir=\"ltr\">In the new <a href=\"https:\/\/twitter.com\/hashtag\/MercedesBenz?src=hash&amp;ref_src=twsrc%5Etfw\">#MercedesBenz<\/a> <a href=\"https:\/\/twitter.com\/hashtag\/EClass?src=hash&amp;ref_src=twsrc%5Etfw\">#EClass<\/a>, the graphics of the screens can be individualised with two display styles &amp; three modes. The new <a href=\"https:\/\/twitter.com\/hashtag\/MBUX?src=hash&amp;ref_src=twsrc%5Etfw\">#MBUX<\/a> is accompanied by a change in the appearance of the main icons on the displays.<br><br>Discover more: <a href=\"https:\/\/t.co\/6Sw9NfSz2b\">https:\/\/t.co\/6Sw9NfSz2b<\/a> <a href=\"https:\/\/t.co\/Xh6hD6Xnpi\">pic.twitter.com\/Xh6hD6Xnpi<\/a><\/p>&mdash; Mercedes-Benz Press (@MB_Press) <a href=\"https:\/\/twitter.com\/MB_Press\/status\/1655135385083871232?ref_src=twsrc%5Etfw\">May 7, 2023<\/a><\/blockquote> <script async src=\"https:\/\/platform.twitter.com\/widgets.js\" charset=\"utf-8\"><\/script>\n\n\n\n<p>\u65b0\u578bE\u30af\u30e9\u30b9\u306eMBUX\u306e\u753b\u50cf\u3092\u6dfb\u4ed8\u3057\u3066\u3044\u308b\u306e\u3067\u3059\u304c\u3001\u8cbc\u3063\u3066\u3042\u308b\u30ea\u30f3\u30af\u5148\u306f\u30ea\u30f3\u30af\u5207\u308c\u3068\u306a\u3063\u3066\u3044\u307e\u3059\u3002<\/p>\n\n\n\n<figure class=\"wp-block-image size-full is-resized\"><a href=\"https:\/\/mercedes-benz-cla.kyoto-svp.com\/wp-content\/uploads\/2023\/05\/404.jpg\" target=\"_blank\" rel=\"noreferrer noopener\"><img loading=\"lazy\" decoding=\"async\" src=\"https:\/\/mercedes-benz-cla.kyoto-svp.com\/wp-content\/uploads\/2023\/05\/404.jpg\" alt=\"\" class=\"wp-image-1343\" width=\"568\" height=\"344\" srcset=\"https:\/\/mercedes-benz-cla.kyoto-svp.com\/wp-content\/uploads\/2023\/05\/404.jpg 741w, https:\/\/mercedes-benz-cla.kyoto-svp.com\/wp-content\/uploads\/2023\/05\/404-300x182.jpg 300w\" sizes=\"auto, (max-width: 568px) 100vw, 568px\" \/><\/a><\/figure>\n\n\n\n<p>so far &#8230;\uff08\u4eca\u306e\u3068\u3053\u308d\uff0e\uff0e\uff0e\uff09<\/p>\n\n\n\n<p><strong>5\u67087\u65e5\u307e\u3067\u306e\u6700\u65b0\u60c5\u5831\u306f\uff1a<\/strong><\/p>\n\n\n\n<!--nextpage-->\n\n\n\n<h2 class=\"wp-block-heading\">2023\u5e745\u67087\u65e5<\/h2>\n\n\n\n<p>\u30e1\u30eb\u30bb\u30c7\u30b9\u30fb\u30d9\u30f3\u30c4\uff08\u30d9\u30eb\u30ea\u30f3\uff09\u306e\u516c\u5f0fSNS\u3067\u306f\u65b0\u578bGLC\u3002<\/p>\n\n\n\n<p class=\"has-vivid-cyan-blue-color has-text-color\">\u30e9\u30b0\u30b8\u30e5\u30a2\u30ea\u30fc\u306a\u30c7\u30b6\u30a4\u30f3\u3068\u6700\u5148\u7aef\u306e\u30c6\u30af\u30ce\u30ed\u30b8\u30fc\u3067\u3069\u3093\u306a\u5192\u967a\u3082\u3067\u304d\u308b\u3002<\/p>\n\n\n\n<p>\u3068\u4f1d\u3048\u3066\u3044\u307e\u3059\u3002<\/p>\n\n\n\n<p>AMG\u30e9\u30a4\u30f3\u30d1\u30c3\u30b1\u30fc\u30b8\u3067\u306a\u304f\u3068\u3082\u3001\u306a\u304b\u306a\u304b\u30ab\u30c3\u30b3\u30a4\u30a4\u3067\u3059\u30cd\u3002<\/p>\n\n\n\n<blockquote class=\"twitter-tweet\"><p lang=\"de\" dir=\"ltr\">Luxuri\u00f6ses Design und modernste Technologie machen den GLC zum perfekten Begleiter f\u00fcr jedes Abenteuer.\ud83d\ude0d <a href=\"https:\/\/t.co\/D0n4yip0tN\">pic.twitter.com\/D0n4yip0tN<\/a><\/p>&mdash; Mercedes-Benz Berlin (@Mercedes_Berlin) <a href=\"https:\/\/twitter.com\/Mercedes_Berlin\/status\/1654789406530629634?ref_src=twsrc%5Etfw\">May 6, 2023<\/a><\/blockquote> <script async src=\"https:\/\/platform.twitter.com\/widgets.js\" charset=\"utf-8\"><\/script>\n\n\n\n<p>\u30ab\u30bf\u30fc\u30eb\u306e\u30e1\u30eb\u30bb\u30c7\u30b9\u30fb\u30d9\u30f3\u30c4\u516c\u5f0fSNS\u3067\u3082\u65b0\u578bGLC\u3002<\/p>\n\n\n\n<p>\u4f55\u3092\u8a00\u3063\u3066\u3044\u308b\u306e\u304b\u308f\u304b\u308a\u307e\u305b\u3093\u304c\uff0e\uff0e\uff0e\uff08\u6c57\uff09<\/p>\n\n\n\n<blockquote class=\"twitter-tweet\"><p lang=\"ar\" dir=\"rtl\">\u062c\u0627\u0647\u0632\u0629 \u0644\u062a\u0631\u0627\u0641\u0642\u0643 \u0623\u064a\u0646\u0645\u0627 \u0623\u062e\u0630\u062a\u0643 \u0627\u0644\u062d\u064a\u0627\u0629. \u0627\u0633\u062a\u0639\u062f \u0644\u0642\u064a\u0627\u062f\u0629 \u0633\u064a\u0627\u0631\u0629 \u0630\u0627\u062a \u062a\u0635\u0645\u064a\u0645 \u0645\u0628\u0647\u0631 \u0648\u062a\u0643\u0646\u0648\u0644\u0648\u062c\u064a\u0627 \u0645\u062a\u0642\u062f\u0645\u0629 \u0648\u0628\u063a\u0627\u064a\u0629 \u0627\u0644\u0639\u0645\u0644\u064a\u0629\u060c \u0644\u062a\u0646\u0627\u0633\u0628 \u0623\u0633\u0644\u0648\u0628 \u062d\u064a\u0627\u062a\u0643. <br>\u0633\u064a\u0627\u0631\u0629 GLC SUV \u0627\u0644\u062c\u062f\u064a\u062f\u0629<br>\u062c\u0627\u0647\u0632\u0629 \u0644\u0644\u062a\u062d\u062f\u064a.\u200b<a href=\"https:\/\/twitter.com\/hashtag\/NBKMercedesBenz?src=hash&amp;ref_src=twsrc%5Etfw\">#NBKMercedesBenz<\/a> <a href=\"https:\/\/twitter.com\/hashtag\/%D9%8EQatar?src=hash&amp;ref_src=twsrc%5Etfw\">#\u064eQatar<\/a> <a href=\"https:\/\/twitter.com\/hashtag\/Mercedes?src=hash&amp;ref_src=twsrc%5Etfw\">#Mercedes<\/a> <a href=\"https:\/\/twitter.com\/hashtag\/GLC?src=hash&amp;ref_src=twsrc%5Etfw\">#GLC<\/a> <a href=\"https:\/\/twitter.com\/hashtag\/Car?src=hash&amp;ref_src=twsrc%5Etfw\">#Car<\/a> <a href=\"https:\/\/twitter.com\/hashtag\/Luxury?src=hash&amp;ref_src=twsrc%5Etfw\">#Luxury<\/a> <a href=\"https:\/\/twitter.com\/hashtag\/Design?src=hash&amp;ref_src=twsrc%5Etfw\">#Design<\/a> <a href=\"https:\/\/t.co\/2L3pnjQlut\">pic.twitter.com\/2L3pnjQlut<\/a><\/p>&mdash; Mercedes-Benz Qatar (@MercedesBenzQA) <a href=\"https:\/\/twitter.com\/MercedesBenzQA\/status\/1654824911834173441?ref_src=twsrc%5Etfw\">May 6, 2023<\/a><\/blockquote> <script async src=\"https:\/\/platform.twitter.com\/widgets.js\" charset=\"utf-8\"><\/script>\n\n\n\n<h2 class=\"wp-block-heading\">2023\u5e745\u67086\u65e5<\/h2>\n\n\n\n<p>\u30e1\u30eb\u30bb\u30c7\u30b9\u30fb\u30d9\u30f3\u30c4 \u30b8\u30e3\u30d1\u30f3\u306e\u516c\u5f0fSNS\u3067\u3001\u30d7\u30ed\u306e\u5199\u771f\u5bb6\u306e\u65b9\u304c\u64ae\u5f71\u3057\u305f\u65b0\u578bGLA\u306e\u5199\u771f\u3092\u7d39\u4ecb\u3057\u3066\u3044\u307e\u3059\u3002<\/p>\n\n\n\n<p>\u79c1\u306b\u306f\u5199\u771f\u306e\u30bb\u30f3\u30b9\u304c\u306a\u3044\u306e\u3067\u3001\u4f55\u3068\u3082\u3088\u304f\u308f\u304b\u308a\u307e\u305b\u3093\u3067\u3057\u305f\uff0e\uff0e\uff0e\uff08\u30b9\u30df\u30de\u30bb\u30f3\uff09\u3002<\/p>\n\n\n\n<blockquote class=\"twitter-tweet\"><p lang=\"ja\" dir=\"ltr\">\u3010Mercedes-Benz LIVE!\u3011<br>\u30ed\u30f3\u30c9\u30f3\u5728\u4f4f\u306e\u5199\u771f\u5bb6 piczo\u3055\u3093\u304c\u3001\u9996\u90fd\u9ad8\u901f\u9053\u8def\u3067\u6771\u4eac\u4e2d\u3092\u8efd\u5feb\u306b\u99c6\u3051\u5de1\u308b\u65b0\u578bGLC\u3092\u6349\u3048\u308b\u3002<br><br>\u25bc\u8a18\u4e8b\u672c\u6587\u306f\u3053\u3061\u3089\u304b\u3089<a href=\"https:\/\/t.co\/HuBR0Jv0gP\">https:\/\/t.co\/HuBR0Jv0gP<\/a><a href=\"https:\/\/twitter.com\/hashtag\/MercedesBenz?src=hash&amp;ref_src=twsrc%5Etfw\">#MercedesBenz<\/a> <a href=\"https:\/\/twitter.com\/hashtag\/%E3%83%A1%E3%83%AB%E3%82%BB%E3%83%87%E3%82%B9%E3%83%99%E3%83%B3%E3%83%84?src=hash&amp;ref_src=twsrc%5Etfw\">#\u30e1\u30eb\u30bb\u30c7\u30b9\u30d9\u30f3\u30c4<\/a> <a href=\"https:\/\/twitter.com\/hashtag\/GLC?src=hash&amp;ref_src=twsrc%5Etfw\">#GLC<\/a> <a href=\"https:\/\/twitter.com\/hashtag\/piczo?src=hash&amp;ref_src=twsrc%5Etfw\">#piczo<\/a> <a href=\"https:\/\/t.co\/mSvKazvjgc\">pic.twitter.com\/mSvKazvjgc<\/a><\/p>&mdash; \u30e1\u30eb\u30bb\u30c7\u30b9\u30fb\u30d9\u30f3\u30c4\u65e5\u672c\/Mercedes-Benz Japan (@MercedesBenz_JP) <a href=\"https:\/\/twitter.com\/MercedesBenz_JP\/status\/1653595264823721985?ref_src=twsrc%5Etfw\">May 3, 2023<\/a><\/blockquote> <script async src=\"https:\/\/platform.twitter.com\/widgets.js\" charset=\"utf-8\"><\/script>\n\n\n\n<p>GLC\u3092\u611b\u8eca\u3068\u3057\u3066\u5927\u4e8b\u306b\u3055\u308c\u3066\u3044\u308b\u65b9\u306e\u64ae\u5f71\u3057\u305f\u5199\u771f\u3092SNS\u3084\u30e1\u30eb\u30bb\u30c7\u30b9\u30fb\u30d9\u30f3\u30c4\u3001\u30e4\u30ca\u30bb\u306e\u60c5\u5831\u8a8c\u3067\u62dd\u898b\u3057\u307e\u3059\u3002<\/p>\n\n\n\n<p>\u305d\u3046\u3044\u3046\u5199\u771f\u306b\u306f\u30aa\u30fc\u30ca\u30fc\u3055\u3093\u306e\u611b\u60c5\u304c\u611f\u3058\u3089\u308c\u3066\u3001\u5fc3\u306b\u523a\u3055\u308b\u3082\u306e\u304c\u3042\u308a\u307e\u3059\u3002<\/p>\n\n\n\n<h2 class=\"wp-block-heading\">2023\u5e745\u67085\u65e5<\/h2>\n\n\n\n<p>\u30e1\u30eb\u30bb\u30c7\u30b9\u30fb\u30d9\u30f3\u30c4\u306e\u516c\u5f0fSNS\u3067\u306f\u65b0\u578bE\u30af\u30e9\u30b9\u306e\u6295\u7a3f\u304c\u7d9a\u3044\u3066\u3044\u307e\u3059\u3002<\/p>\n\n\n\n<p class=\"has-vivid-cyan-blue-color has-text-color\">\u65b0\u578bE\u30af\u30e9\u30b9\u306f\u30a8\u30f3\u30b8\u30f3\u304b\u3089\u30e2\u30fc\u30bf\u30fc\u3078\u306e\u79fb\u884c\u3057\u3066\u3086\u304f\u6d41\u308c\u306e\u4e2d\u306b\u767b\u5834\u3057\u305f\u5206\u6c34\u5dba\u306e\u3088\u3046\u306a\u5b58\u5728\u3067\u3001<\/p>\n\n\n\n<p class=\"has-vivid-cyan-blue-color has-text-color\">\u30c7\u30b8\u30bf\u30eb\u6280\u8853\u306b\u3088\u308a\u642d\u4e57\u8005\u306b\u3053\u308c\u307e\u3067\u306b\u306a\u3044\u3088\u3046\u306a\u5feb\u9069\u6027\u304c\u3082\u305f\u3089\u3055\u308c\u3066\u3044\u307e\u3059\u3002<\/p>\n\n\n\n<p>\u3068\u4f1d\u3048\u3066\u3044\u307e\u3059\u3002<\/p>\n\n\n\n<blockquote class=\"twitter-tweet\"><p lang=\"en\" dir=\"ltr\">The new <a href=\"https:\/\/twitter.com\/hashtag\/EClass?src=hash&amp;ref_src=twsrc%5Etfw\">#EClass<\/a> points the way in the transition from electrified combustion engines to electric drive. At the same time, its new electronics architecture allows a comprehensive digital user experience.<br><br>More: <a href=\"https:\/\/t.co\/KBqctV0BJn\">https:\/\/t.co\/KBqctV0BJn<\/a><a href=\"https:\/\/twitter.com\/hashtag\/MercedesBenz?src=hash&amp;ref_src=twsrc%5Etfw\">#MercedesBenz<\/a> <a href=\"https:\/\/t.co\/POd2UJscIH\">pic.twitter.com\/POd2UJscIH<\/a><\/p>&mdash; Mercedes-Benz Press (@MB_Press) <a href=\"https:\/\/twitter.com\/MB_Press\/status\/1654093522667196416?ref_src=twsrc%5Etfw\">May 4, 2023<\/a><\/blockquote> <script async src=\"https:\/\/platform.twitter.com\/widgets.js\" charset=\"utf-8\"><\/script>\n\n\n\n<p>\u30e1\u30eb\u30bb\u30c7\u30b9\u30fb\u30d9\u30f3\u30c4\u306e\u65b0\u578bE\u30af\u30e9\u30b9\u306e\u30e1\u30c7\u30a3\u30a2\u5411\u3051\u30b5\u30a4\u30c8\u306b\u306f\u65b0\u305f\u306a\u30b3\u30f3\u30c6\u30f3\u30c4\u304c\u8ffd\u52a0\u3055\u308c\u3066\u3044\u3066<\/p>\n\n\n\n<p>\u753b\u50cf\u306f\u751f\u7523\u30e9\u30a4\u30f3\u306a\u3069\u3082\u542b\u3081167\u679a\u3068\u306a\u3063\u3066\u3044\u307e\u3059\u3002<\/p>\n\n\n\n<p><a href=\"https:\/\/media.mercedes-benz.com\/press-kit\/2b41d0bb-f447-4d97-bfde-c10339232424\" target=\"_blank\" rel=\"noreferrer noopener\">https:\/\/media.mercedes-benz.com\/press-kit\/2b41d0bb-f447-4d97-bfde-c10339232424<\/a><\/p>\n\n\n\n<figure class=\"wp-block-image size-full\"><a href=\"https:\/\/mercedes-benz-cla.kyoto-svp.com\/wp-content\/uploads\/2023\/05\/600-1.jpg\" target=\"_blank\" rel=\"noreferrer noopener\"><img loading=\"lazy\" decoding=\"async\" width=\"600\" height=\"400\" src=\"https:\/\/mercedes-benz-cla.kyoto-svp.com\/wp-content\/uploads\/2023\/05\/600-1.jpg\" alt=\"\" class=\"wp-image-1294\" srcset=\"https:\/\/mercedes-benz-cla.kyoto-svp.com\/wp-content\/uploads\/2023\/05\/600-1.jpg 600w, https:\/\/mercedes-benz-cla.kyoto-svp.com\/wp-content\/uploads\/2023\/05\/600-1-300x200.jpg 300w\" sizes=\"auto, (max-width: 600px) 100vw, 600px\" \/><\/a><\/figure>\n\n\n\n<figure class=\"wp-block-image size-full\"><a href=\"https:\/\/mercedes-benz-cla.kyoto-svp.com\/wp-content\/uploads\/2023\/05\/600.jpg\" target=\"_blank\" rel=\"noreferrer noopener\"><img loading=\"lazy\" decoding=\"async\" width=\"600\" height=\"400\" src=\"https:\/\/mercedes-benz-cla.kyoto-svp.com\/wp-content\/uploads\/2023\/05\/600.jpg\" alt=\"\" class=\"wp-image-1293\" srcset=\"https:\/\/mercedes-benz-cla.kyoto-svp.com\/wp-content\/uploads\/2023\/05\/600.jpg 600w, https:\/\/mercedes-benz-cla.kyoto-svp.com\/wp-content\/uploads\/2023\/05\/600-300x200.jpg 300w\" sizes=\"auto, (max-width: 600px) 100vw, 600px\" \/><\/a><\/figure>\n\n\n\n<h2 class=\"wp-block-heading\">2023\u5e745\u67083\u65e5<\/h2>\n\n\n\n<p>\u30e1\u30eb\u30bb\u30c7\u30b9\u30fb\u30d9\u30f3\u30c4\u306e\u516c\u5f0fSNS\u3067\u306f\u65b0\u578bE\u30af\u30e9\u30b9\u306e\u30d5\u30ed\u30f3\u30c8\u30b0\u30ea\u30eb\u306e\u30e9\u30a4\u30c8\u306b\u3064\u3044\u3066\u4f1d\u3048\u3066\u3044\u307e\u3059\u3002<\/p>\n\n\n\n<blockquote class=\"twitter-tweet\"><p lang=\"en\" dir=\"ltr\">A black panel-like surface connects the <a href=\"https:\/\/twitter.com\/hashtag\/EClass?src=hash&amp;ref_src=twsrc%5Etfw\">#EClass<\/a>\u2019s radiator grille with the headlights. In the optionally illuminated frame of the radiator grille, two light guides sit behind the chrome strips. Light is fed into the fibre optic bundles via LED modules. <a href=\"https:\/\/t.co\/6Sw9NfSz2b\">https:\/\/t.co\/6Sw9NfSz2b<\/a> <a href=\"https:\/\/t.co\/W32XbRw7YR\">pic.twitter.com\/W32XbRw7YR<\/a><\/p>&mdash; Mercedes-Benz Press (@MB_Press) <a href=\"https:\/\/twitter.com\/MB_Press\/status\/1653323446326263808?ref_src=twsrc%5Etfw\">May 2, 2023<\/a><\/blockquote> <script async src=\"https:\/\/platform.twitter.com\/widgets.js\" charset=\"utf-8\"><\/script>\n\n\n\n<p>\u7d50\u69cb\u3001\u30c4\u30a3\u30fc\u30c8\u3068\u3057\u3066\u306f\u6280\u8853\u7684\u306b\u8a9e\u3063\u3066\u3044\u3066\uff08\u30c9\u30a4\u30c4\u4eba\u3089\u3057\u3044\uff09<\/p>\n\n\n\n<p class=\"has-vivid-cyan-blue-color has-text-color\">\u30e9\u30b8\u30a8\u30bf\u30fc\u30b0\u30ea\u30eb\u3068\u30d8\u30c3\u30c9\u30e9\u30a4\u30c8\u3092\u3064\u306a\u3050\u9ed2\u3044\u30d1\u30cd\u30eb\u72b6\u306e\u88cf\u5074\u306b\u30e9\u30a4\u30c8\u30ac\u30a4\u30c9\u304c\u914d\u7f6e\u3055\u308c\u3066\u3044\u307e\u3059\u3002\u5149\u306f\u3001LED \u30e2\u30b8\u30e5\u30fc\u30eb\u304b\u3089\u5149\u30d5\u30a1\u30a4\u30d0\u30fc\u3067\u4f1d\u308f\u308a\u30b0\u30ea\u30eb\u3092\u5149\u3089\u305b\u307e\u3059\uff08\u30aa\u30d7\u30b7\u30e7\u30f3\u8a2d\u5b9a\u3067\u3059\uff09\u3002<\/p>\n\n\n\n<p>\u3068\u306e\u3053\u3068\u3067\u3059\u3002<\/p>\n\n\n\n<p>\u500b\u4eba\u7684\u306b\u306f\u3001\u3069\u3046\u305b\u306a\u3089\u30b0\u30ea\u30eb\u4e2d\u592e\u306e\u30e1\u30eb\u30bb\u30c7\u30b9\u30fb\u30d9\u30f3\u30c4\u306e\u30b9\u30ea\u30fc\u30dd\u30a4\u30f3\u30c6\u30c3\u30c9\u30b9\u30bf\u30fc\uff08\u30b9\u30ea\u30dd\u30a4\u30f3\u30c8\u30b9\u30bf\u30fc\uff09\u3082\u5149\u3089\u305b\u3066\u6b32\u3057\u3044\u3088\u3046\u306a\uff0e\uff0e\uff0e<\/p>\n\n\n\n<h2 class=\"wp-block-heading\">2023\u5e745\u67082\u65e5<\/h2>\n\n\n\n<p>\u30e1\u30eb\u30bb\u30c7\u30b9\u30fb\u30d9\u30f3\u30c4\u306e\u516c\u5f0fSNS\u3067\u3001\u4e45\u3057\u3076\u308a\u306eCLA\u767b\u5834\u3067\u3059\u3002<\/p>\n\n\n\n<p class=\"has-vivid-cyan-blue-color has-text-color\">CLA\u3067\u306e\u3093\u3073\u308a\u5bb6\u65cf\u65c5\u884c\u306b\u51fa\u304b\u3051\u308b\u6642\u9593\u3060\u3002<\/p>\n\n\n\n<p>\u3068\u4f1d\u3048\u3066\u3044\u307e\u3059\u3002<\/p>\n\n\n\n<p>\u5199\u771f\u306fCLA\u30b7\u30e5\u30fc\u30c6\u30a3\u30f3\u30b0\u30d6\u30ec\u30a4\u30af\u3002<\/p>\n\n\n\n<p>\u30b7\u30e5\u30fc\u30c6\u30a3\u30f3\u30b0\u30d6\u30ec\u30a4\u30af\u3068\u3044\u3046\u306e\u306f\u3001\u72e9\u731f\u306b\u51fa\u304b\u3051\u3066\u731f\u9283\u3084\u7372\u7269\u3092\u8f09\u305b\u3089\u308c\u308b\u3088\u3046\u306a\u8eca\u306e\u3053\u3068\u3067\u3059\u3002<\/p>\n\n\n\n<blockquote class=\"twitter-tweet\"><p lang=\"de\" dir=\"ltr\">Heute ist Tag der Arbeit.\ud83d\ude0a<br>Zeit f\u00fcr einen gem\u00fctlichen Familienausflug in unserem CLA.\ud83d\ude0d<br><br>[Mercedes-Benz CLA 200 Shooting Brake | WLTP: Kraftstoffverbrauch kombiniert: 6,5 l\/100km | CO2-Emissionen kombiniert: 148 g\/km | <a href=\"https:\/\/t.co\/ZN5ET0tc3R\">https:\/\/t.co\/ZN5ET0tc3R<\/a>] <a href=\"https:\/\/t.co\/McwgkyXYyp\">pic.twitter.com\/McwgkyXYyp<\/a><\/p>&mdash; Mercedes-Benz Berlin (@Mercedes_Berlin) <a href=\"https:\/\/twitter.com\/Mercedes_Berlin\/status\/1652977437834190848?ref_src=twsrc%5Etfw\">May 1, 2023<\/a><\/blockquote> <script async src=\"https:\/\/platform.twitter.com\/widgets.js\" charset=\"utf-8\"><\/script>\n\n\n\n<p>\u305d\u308c\u306b\u3057\u3066\u3082\u3001\u65b0\u578bCLA\u306f\u65e5\u672c\u3067\u306f\u4e00\u5207\u30a2\u30ca\u30a6\u30f3\u30b9\u304c\u3042\u308a\u307e\u305b\u3093\u3002<\/p>\n\n\n\n<p>\u3044\u3064\u307e\u3067\u3082\u5f93\u6765\u30e2\u30c7\u30eb\u306e\u5728\u5eab\u304c\u3042\u308b\u308f\u3051\u3067\u306f\u7121\u3044\u306f\u305a\u3067\u3059\u304c\uff0e\uff0e\uff0e<\/p>\n\n\n\n<h2 class=\"wp-block-heading\">2023\u5e745\u67081\u65e5<\/h2>\n\n\n\n<p>\u30e1\u30eb\u30bb\u30c7\u30b9\u30fb\u30d9\u30f3\u30c4\u306e\u516c\u5f0fSNS\u3067\u306f\u65b0\u578bGLC\u30af\u30fc\u30da\u306b\u3064\u3044\u3066\u3001<\/p>\n\n\n\n<p class=\"has-vivid-cyan-blue-color has-text-color\">\u4fca\u654f\u6027\u3001\u5feb\u9069\u6027\u3001\u5b89\u5168\u6027\u306b\u304a\u3044\u3066\u3001\u65b0\u578bGLC\u30af\u30fc\u30da\u306f\u30aa\u30f3\u30ed\u30fc\u30c9\uff08\u5e02\u8857\u5730\u8d70\u884c\uff09\u3067\u3082\u30aa\u30d5\u30ed\u30fc\u30c9\u3067\u3082\u9ad8\u3044\u30ec\u30d9\u30eb\u306b\u3042\u308b\u3053\u3068\u304c\u308f\u304b\u308a\u307e\u3059\u3002<\/p>\n\n\n\n<p>\u3068\u4f1d\u3048\u3066\u3044\u307e\u3059\u3002<\/p>\n\n\n\n<p>\u30e1\u30eb\u30bb\u30c7\u30b9\u30fb\u30d9\u30f3\u30c4\u306f\u65b0\u578bGLC\u30af\u30fc\u30da\u3092<\/p>\n\n\n\n<p>The new GLC Coup\u00e9: The lifestyle model in the successful Mercedes-Benz SUV family<\/p>\n\n\n\n<p>\u3068\u8a00\u3063\u3066\u3044\u307e\u3059\u304c\u3001\u306a\u304b\u306a\u304bSUV\u3089\u3057\u304b\u3089\u306c\u30ab\u30c3\u30b3\u826f\u3055\u3067\u3059\u30cd\u3002<\/p>\n\n\n\n<blockquote class=\"twitter-tweet\"><p lang=\"en\" dir=\"ltr\">Agility, comfort and safety: The high standards of the new <a href=\"https:\/\/twitter.com\/hashtag\/GLC?src=hash&amp;ref_src=twsrc%5Etfw\">#GLC<\/a> Coup\u00e9 are evident in each of these areas. Learn more about its driving performance on and off the road and the additional and improved functions of its assistance systems: <a href=\"https:\/\/t.co\/BcdXfMDjSx\">https:\/\/t.co\/BcdXfMDjSx<\/a><a href=\"https:\/\/twitter.com\/hashtag\/MercedesBenz?src=hash&amp;ref_src=twsrc%5Etfw\">#MercedesBenz<\/a> <a href=\"https:\/\/t.co\/sCA5Kf1FFc\">pic.twitter.com\/sCA5Kf1FFc<\/a><\/p>&mdash; Mercedes-Benz (@MercedesBenz) <a href=\"https:\/\/twitter.com\/MercedesBenz\/status\/1651964552525799424?ref_src=twsrc%5Etfw\">April 28, 2023<\/a><\/blockquote> <script async src=\"https:\/\/platform.twitter.com\/widgets.js\" charset=\"utf-8\"><\/script>\n\n\n\n<p>\u516c\u5f0f\u30b5\u30a4\u30c8\u306b\u306f\u30d7\u30ec\u30b9\u5411\u3051\u65b0\u578bGLC\u30af\u30fc\u30da\u306e\u753b\u50cf\u304c47\u679a\u63b2\u8f09\u3055\u308c\u3066\u3044\u307e\u3059\u3002<\/p>\n\n\n\n<p>\u3057\u304b\u3057\u3001\u307b\u3068\u3093\u3069\u304c\u30aa\u30d5\u30ed\u30fc\u30c9\u3067\u306e\u5199\u771f\uff08\u8d70\u884c\u6642\u3001\u505c\u8eca\u6642\u4e21\u65b9\u3042\u308a\u307e\u3059\uff09\u3068\u306a\u3063\u3066\u3044\u307e\u3059\u3002<\/p>\n\n\n\n<p><a rel=\"noreferrer noopener\" href=\"https:\/\/t.co\/BcdXfMDjSx\" target=\"_blank\">mb4.me\/new_GLC_Coupe<\/a><\/p>\n\n\n\n<p>\u3067\u3082\u3001\u8857\u4e2d\u3067\u3082\u30ab\u30c3\u30b3\u30a4\u30a4\u3067\u3059\u3088\u30cd\u3001\u65b0\u578bGLC\u30af\u30fc\u30da\u3002<\/p>\n","protected":false},"excerpt":{"rendered":"<p>\u30e1\u30eb\u30bb\u30c7\u30b9\u30fb\u30d9\u30f3\u30c4\u306e\u4e16\u754c\u5404\u56fd\u306e\u516c\u5f0f\u30b5\u30a4\u30c8\u3001\u516c\u5f0fSNS\u3088\u308a\u6700\u65b0\u60c5\u5831\u3092\u307e\u3068\u3081\u3066\u3044\u307e\u3059\u3002 \u65b0\u578bGLC\u3068\u65b0\u578bE\u30af\u30e9\u30b9\u306b\u3064\u3044\u3066 \u6b27\u7c73\u4ed5\u69d8\u3068\u65e5\u672c\u4ed5\u69d8\u306e\u9055\u3044\u3092\u4e2d\u5fc3\u306b\u63b2\u8f09,\u3001\u8ffd\u8a18\u30fb\u66f4\u65b0\u4e88\u5b9a\u3067\u3059\u3002 \u9045\u308c\u3066\u3044\u3066\u7533\u3057\u8a33\u3042\u308a\u307e\u305b\u3093\u3002 2023\u5e74&#8230;<\/p>\n","protected":false},"author":1,"featured_media":137,"comment_status":"closed","ping_status":"open","sticky":false,"template":"","format":"standard","meta":{"footnotes":""},"categories":[144,90,107],"tags":[102,149,111,110,109],"class_list":{"0":"post-1273","1":"post","2":"type-post","3":"status-publish","4":"format-standard","5":"has-post-thumbnail","7":"category-144","8":"category-90","9":"category-107","10":"tag-102","11":"tag-149","12":"tag-sns","13":"tag-110","14":"tag-109","15":"article cf"},"_links":{"self":[{"href":"https:\/\/mercedes-benz-cla.kyoto-svp.com\/index.php?rest_route=\/wp\/v2\/posts\/1273","targetHints":{"allow":["GET"]}}],"collection":[{"href":"https:\/\/mercedes-benz-cla.kyoto-svp.com\/index.php?rest_route=\/wp\/v2\/posts"}],"about":[{"href":"https:\/\/mercedes-benz-cla.kyoto-svp.com\/index.php?rest_route=\/wp\/v2\/types\/post"}],"author":[{"embeddable":true,"href":"https:\/\/mercedes-benz-cla.kyoto-svp.com\/index.php?rest_route=\/wp\/v2\/users\/1"}],"replies":[{"embeddable":true,"href":"https:\/\/mercedes-benz-cla.kyoto-svp.com\/index.php?rest_route=%2Fwp%2Fv2%2Fcomments&post=1273"}],"version-history":[{"count":33,"href":"https:\/\/mercedes-benz-cla.kyoto-svp.com\/index.php?rest_route=\/wp\/v2\/posts\/1273\/revisions"}],"predecessor-version":[{"id":1382,"href":"https:\/\/mercedes-benz-cla.kyoto-svp.com\/index.php?rest_route=\/wp\/v2\/posts\/1273\/revisions\/1382"}],"wp:featuredmedia":[{"embeddable":true,"href":"https:\/\/mercedes-benz-cla.kyoto-svp.com\/index.php?rest_route=\/wp\/v2\/media\/137"}],"wp:attachment":[{"href":"https:\/\/mercedes-benz-cla.kyoto-svp.com\/index.php?rest_route=%2Fwp%2Fv2%2Fmedia&parent=1273"}],"wp:term":[{"taxonomy":"category","embeddable":true,"href":"https:\/\/mercedes-benz-cla.kyoto-svp.com\/index.php?rest_route=%2Fwp%2Fv2%2Fcategories&post=1273"},{"taxonomy":"post_tag","embeddable":true,"href":"https:\/\/mercedes-benz-cla.kyoto-svp.com\/index.php?rest_route=%2Fwp%2Fv2%2Ftags&post=1273"}],"curies":[{"name":"wp","href":"https:\/\/api.w.org\/{rel}","templated":true}]}}