{"id":1424,"date":"2023-07-02T07:24:38","date_gmt":"2023-07-01T22:24:38","guid":{"rendered":"https:\/\/mercedes-benz-cla.kyoto-svp.com\/?p=1424"},"modified":"2023-07-31T06:42:52","modified_gmt":"2023-07-30T21:42:52","slug":"2023%e5%b9%b47%e6%9c%88-%e3%83%a1%e3%83%ab%e3%82%bb%e3%83%87%e3%82%b9%e3%83%bb%e3%83%99%e3%83%b3%e3%83%84%e6%9c%80%e6%96%b0%e6%83%85%e5%a0%b1%e3%80%90%e5%85%ac%e5%bc%8f%e3%82%b5%e3%82%a4%e3%83%88","status":"publish","type":"post","link":"https:\/\/mercedes-benz-cla.kyoto-svp.com\/?p=1424","title":{"rendered":"2023\u5e747\u6708 \u30e1\u30eb\u30bb\u30c7\u30b9\u30fb\u30d9\u30f3\u30c4\u6700\u65b0\u60c5\u5831\u3010\u516c\u5f0f\u30b5\u30a4\u30c8\u3011"},"content":{"rendered":"\n<p>\u30e1\u30eb\u30bb\u30c7\u30b9\u30fb\u30d9\u30f3\u30c4\u306e\u4e16\u754c\u5404\u56fd\u306e\u516c\u5f0f\u30b5\u30a4\u30c8\u3001\u516c\u5f0fSNS\u3088\u308a\u6700\u65b0\u60c5\u5831\u3092\u307e\u3068\u3081\u3066\u3044\u307e\u3059\u3002<\/p>\n\n\n\n<p>\u304a\u3082\u306b\u65b0\u578b\u30e2\u30c7\u30eb\u306e\u6b27\u7c73\u4ed5\u69d8\u3068\u65e5\u672c\u4ed5\u69d8\u306e\u9055\u3044\u3092\u4e2d\u5fc3\u306b\u63b2\u8f09,\u3001\u8ffd\u8a18\u30fb\u66f4\u65b0\u4e88\u5b9a\u3067\u3059\u3002<\/p>\n\n\n\n<h2 class=\"wp-block-heading\">2023\u5e747\u670830\u65e5<\/h2>\n\n\n\n<p>\u30e1\u30eb\u30bb\u30c7\u30b9\u30d9\u30f3\u30c4\uff08\u5e83\u5831\uff09\u306e\u516c\u5f0fSNS\u3067\u306f\u65b0\u578bGLA\u306b\u3064\u3044\u3066<\/p>\n\n\n\n<p class=\"has-vivid-cyan-blue-color has-text-color\">The #GLA now also features the latest generation of MBUX \u2013 with newly designed display styles:<\/p>\n\n\n\n<p class=\"has-vivid-cyan-blue-color has-text-color\">&#8220;Classic&#8221; provides all relevant driver information.<br>&#8220;Sporty&#8221; impresses with a dynamic rev counter.<br>&#8220;Discreet&#8221; reduces the displays to the essentials.<\/p>\n\n\n\n<p class=\"has-vivid-cyan-blue-color has-text-color\">GLA\u306b\u306f\u65b0\u8a2d\u8a08\u306e\u8868\u793a\u30b9\u30bf\u30a4\u30eb\u3092\u5099\u3048\u305f\u6700\u65b0\u4e16\u4ee3\u306e MBUX \u3092\u642d\u8f09\u3057\u3066\u3044\u307e\u3059\u3002<\/p>\n\n\n\n<p class=\"has-vivid-cyan-blue-color has-text-color\">\u300c\u30af\u30e9\u30b7\u30c3\u30af\u300d\u3067\u306f\u3001\u95a2\u9023\u3059\u308b\u3059\u3079\u3066\u306e\u30c9\u30e9\u30a4\u30d0\u30fc\u60c5\u5831\u304c\u63d0\u4f9b\u3055\u308c\u307e\u3059\u3002<br>\u300c\u30b9\u30dd\u30fc\u30c6\u30a3\u300d\u3067\u306f\u3001\u30c0\u30a4\u30ca\u30df\u30c3\u30af\u306a\u30ec\u30d6\u30ab\u30a6\u30f3\u30bf\u30fc\u304c\u306a\u5370\u8c61\u7684\u3067\u3059\u3002<br>\u300c\u30c7\u30a3\u30b9\u30af\u30ea\u30fc\u30c8\u300d\u3067\u306f\u3001\u5fc5\u8981\u306a\u3082\u306e\u3060\u3051\u306e\u8868\u793a\u306b\u7d5e\u3063\u3066\u3044\u307e\u3059\u3002<\/p>\n\n\n\n<p>\u3068\u4f1d\u3048\u3066\u3044\u307e\u3059\u3002<\/p>\n\n\n\n<p>\u307e\u3041\u3001\u3053\u306e\u8fba\u306f\u30e1\u30eb\u30bb\u30c7\u30b9\u30d9\u30f3\u30c4\u306e\u73fe\u884c\u8eca\u7a2e\u3067\u5171\u901a\u306a\u306e\u3067\u3059\u304c\u3002<\/p>\n\n\n\n<blockquote class=\"twitter-tweet\"><p lang=\"en\" dir=\"ltr\">The <a href=\"https:\/\/twitter.com\/hashtag\/GLA?src=hash&amp;ref_src=twsrc%5Etfw\">#GLA<\/a> now also features the latest generation of MBUX \u2013 with newly designed display styles:<br><br>&quot;Classic&quot; provides all relevant driver information.<br>&quot;Sporty&quot; impresses with a dynamic rev counter.<br>&quot;Discreet&quot; reduces the displays to the essentials.<br><br>More: <a href=\"https:\/\/t.co\/0Z2yXEVhAY\">https:\/\/t.co\/0Z2yXEVhAY<\/a> <a href=\"https:\/\/t.co\/wHdGpidLp3\">pic.twitter.com\/wHdGpidLp3<\/a><\/p>&mdash; Mercedes-Benz Press (@MB_Press) <a href=\"https:\/\/twitter.com\/MB_Press\/status\/1685575971733188608?ref_src=twsrc%5Etfw\">July 30, 2023<\/a><\/blockquote> <script async src=\"https:\/\/platform.twitter.com\/widgets.js\" charset=\"utf-8\"><\/script>\n\n\n\n<p>\u3053\u306eMBUX\u8868\u793a\u30e2\u30fc\u30c9\u3001\u7d50\u69cb\u6c17\u5206\u8ee2\u63db\u306b\u306f\u306a\u308a\u307e\u3059\u3002<\/p>\n\n\n\n<p>\u3067\u3082\u81ea\u5206\u3067\u904b\u8ee2\u3059\u308b\u969b\u306f\u3042\u307e\u308a\u5207\u308a\u66ff\u3048\u308b\u3053\u3068\u306f\u306a\u3044\u3067\u3059\u3002<\/p>\n\n\n\n<p>\uff08\u5bb6\u65cf\u304c\u904b\u8ee2\u3059\u308b\u969b\u306b\u3001\u305d\u308c\u305e\u308c\u306e\u597d\u307f\u306b\u3059\u308b\u3068\u3044\u3046\u4f7f\u3044\u52dd\u624b\u306f\u3042\u308a\u307e\u3059\uff09<\/p>\n\n\n\n<p>\u305d\u306e\u305b\u3044\u304b\u3001\u30c7\u30b8\u30bf\u30eb\u8868\u793a\u3092\u63a1\u7528\u3057\u3066\u3044\u306a\u304c\u3089\u8868\u793a\u30e2\u30fc\u30c9\u306e\u5207\u308a\u66ff\u3048\u304c\u3067\u304d\u306a\u3044\u8eca\u3082\u591a\u304f\u3001\u30cf\u30f3\u30c9\u30eb\u3092\u6301\u3064\u5074\u304b\u3089\u3059\u308b\u3068\u3001\u5c11\u3057\u7269\u8db3\u308a\u306a\u3055\u3092\u899a\u3048\u307e\u3059\u3002<\/p>\n\n\n\n<p>\u3061\u306a\u307f\u306b\u3002<\/p>\n\n\n\n<p>MBUX\u306b\u306f\u4e0a\u8a183\u3064\u306e\u30e2\u30fc\u30c9\u3068\u306f\u307e\u305f\u5225\u306a\u611f\u3058\u3067\u300c\u5168\u753b\u9762\u300d\u3068\u3044\u3046\u30e2\u30fc\u30c9\u304c\u3042\u308a\u3001\u81ea\u5206\u306f\u73fe\u5728\u305d\u306e\u8868\u793a\u3067\u3059\u3002<\/p>\n\n\n\n<p>\u3068\u3053\u308d\u3067\u3002<\/p>\n\n\n\n<p>\u6295\u7a3f\u3067\u306f\u3001\u65b0\u578bGLA\u306e\u30e1\u30c7\u30a3\u30a2\u5411\u3051\u60c5\u5831\u30da\u30fc\u30b8\u306b\u30ea\u30f3\u30af\u304c\u8cbc\u3063\u3066\u3042\u308a\u307e\u3059\u304c\u3001\u305d\u3053\u306b\u753b\u50cf\u306f8\u679a\u3060\u3051\u3002<\/p>\n\n\n\n<p>MBUX\u304c\u5199\u3063\u3066\u3044\u308b\u306e\u306f1\u679a\u3060\u3051\u3002<\/p>\n\n\n\n<p>\u6295\u7a3f\u3055\u308c\u3066\u6587\u7ae0\u3082\u540c\u3058\u6587\u8a00\u304c\u8a18\u8f09\u3055\u308c\u3066\u3044\u307e\u3059\u304c\u3001\u305d\u308c\u4ee5\u4e0a\u306e\u60c5\u5831\u306f\u3042\u308a\u307e\u305b\u3093\u3002<\/p>\n\n\n\n<p>\u6700\u8fd1\u767a\u8868\u3055\u308c\u3066\u3044\u308bCLE\u3084E\u30af\u30e9\u30b9\u306a\u3069\u3067\u306e\u60c5\u5831\u63d0\u4f9b\u306b\u6bd4\u3079\u3001GLA\u3067\u306f\u591a\u5c11\u624b\u629c\u304d\u611f\u304c\uff0e\uff0e\uff0e<\/p>\n\n\n\n<h2 class=\"wp-block-heading\">2023\u5e747\u670830\u65e5<\/h2>\n\n\n\n<p>\u30e1\u30eb\u30bb\u30c7\u30b9\u30d9\u30f3\u30c4\u65e5\u672c\u306e\u516c\u5f0fSNS\u3067\u3001\u30b5\u30c3\u30ab\u30fc\u9078\u624b\u306e\u30b7\u30e5\u30df\u30c3\u30c8\u30fb\u30c0\u30cb\u30a8\u30eb\u304c\u300cEQ\u30ab\u30bf\u30ea\u30b9\u30c8\u300d\u3068\u3057\u3066\u53d6\u308a\u4e0a\u3052\u3089\u308c\u3066\u3044\u307e\u3059\u3002<\/p>\n\n\n\n<p>\u305d\u3082\u305d\u3082\u300cEQ\u30ab\u30bf\u30ea\u30b9\u30c8\u300d\u3063\u3066\u4f55\uff1f<\/p>\n\n\n\n<blockquote class=\"wp-block-quote is-layout-flow wp-block-quote-is-layout-flow\">\n<p>\u30e1\u30eb\u30bb\u30c7\u30b9\u306e\u6d3b\u52d5\u3068\u3057\u3066\u63b2\u3052\u305f\u300cEQ\u30ab\u30bf\u30ea\u30b9\u30c8\u300d\u3068\u306f\u3001\u89e6\u5a92\u3092\u610f\u5473\u3059\u308b\u82f1\u5358\u8a9e\u201c\u30ab\u30bf\u30ea\u30b9\u30c8\uff08catalyst\uff09\u201d\u306b\u3001\u300c\u8a9e\u308aist\uff1d\u8a9e\u308b\u4eba\u300d\u306e\u610f\u5473\u3092\u639b\u3051\u305f\u30d7\u30ed\u30b8\u30a7\u30af\u30c8\u3067\u3001\u30e6\u30fc\u30b6\u30fc\u3068\u30e1\u30eb\u30bb\u30c7\u30b9\u306e\u67b6\u3051\u6a4b\u3068\u306a\u308b\u4eba\u7269\u3092\u9078\u5b9a\u3002<\/p>\n<cite>https:\/\/www.mercedes-benz.co.jp\/passengercars\/brand\/mb-live\/sustainability\/2023\/eqcatalyst-07-28.html<\/cite><\/blockquote>\n\n\n\n<blockquote class=\"twitter-tweet\"><p lang=\"ja\" dir=\"ltr\">\u3010EQ\u30ab\u30bf\u30ea\u30b9\u30c8\u3011<br>\u4ee3\u8868\u6226\u3068\u30aa\u30d5\u3092\u542b\u3080\u65e5\u672c\u6ede\u5728\u4e2d\u306e\u79fb\u52d5\u3092EQE\u3067\u304a\u3053\u306a\u3044\u3001\u65e5\u672c\u306eEV\u4e8b\u60c5\u3092\u4f53\u611f\u3057\u305f\u30b7\u30e5\u30df\u30c3\u30c8\u9078\u624b\u304c\u3001EV\u5316\u304c\u9032\u3080\u30e8\u30fc\u30ed\u30c3\u30d1\u3067\u306e\u751f\u6d3b\u3068\u6bd4\u8f03\u3057\u611f\u3058\u305f\u3053\u3068\u3068\u306f\uff1f<br><br>\u25bc\u8a18\u4e8b\u672c\u6587\u306f\u3053\u3061\u3089\u304b\u3089<a href=\"https:\/\/t.co\/umaATlyyt8\">https:\/\/t.co\/umaATlyyt8<\/a><a href=\"https:\/\/twitter.com\/hashtag\/MercedesBenz?src=hash&amp;ref_src=twsrc%5Etfw\">#MercedesBenz<\/a> <a href=\"https:\/\/twitter.com\/hashtag\/EQE?src=hash&amp;ref_src=twsrc%5Etfw\">#EQE<\/a> <a href=\"https:\/\/twitter.com\/hashtag\/%E3%82%B7%E3%83%A5%E3%83%9F%E3%83%83%E3%83%88%E3%83%80%E3%83%8B%E3%82%A8%E3%83%AB?src=hash&amp;ref_src=twsrc%5Etfw\">#\u30b7\u30e5\u30df\u30c3\u30c8\u30c0\u30cb\u30a8\u30eb<\/a> <a href=\"https:\/\/twitter.com\/hashtag\/%E9%9B%BB%E6%B0%97%E8%87%AA%E5%8B%95%E8%BB%8A?src=hash&amp;ref_src=twsrc%5Etfw\">#\u96fb\u6c17\u81ea\u52d5\u8eca<\/a> <a href=\"https:\/\/twitter.com\/Daniel_MYE?ref_src=twsrc%5Etfw\">@Daniel_MYE<\/a> <a href=\"https:\/\/t.co\/01MkkBZI1f\">pic.twitter.com\/01MkkBZI1f<\/a><\/p>&mdash; \u30e1\u30eb\u30bb\u30c7\u30b9\u30fb\u30d9\u30f3\u30c4\u65e5\u672c\/Mercedes-Benz Japan (@MercedesBenz_JP) <a href=\"https:\/\/twitter.com\/MercedesBenz_JP\/status\/1684851203312623616?ref_src=twsrc%5Etfw\">July 28, 2023<\/a><\/blockquote> <script async src=\"https:\/\/platform.twitter.com\/widgets.js\" charset=\"utf-8\"><\/script>\n\n\n\n<p>\u30b5\u30c3\u30ab\u30fc\u597d\u304d\u306e\u65b9\u306a\u3089\u3001\u30b7\u30e5\u30df\u30c3\u30c8\u30fb\u30c0\u30cb\u30a8\u30eb\u304c\u65e5\u672c\u306eJ\u30ea\u30fc\u30b0\u306e\u4e0b\u90e8\u30ab\u30c6\u30b4\u30ea\u3067\u5730\u65b9\u30c1\u30fc\u30e0\u306b\u6240\u5c5e\u3057\u3066\u3044\u305f\u306e\u3092\u3054\u5b58\u3058\u306e\u306f\u305a\u3002<\/p>\n\n\n\n<p>\u307e\u3060\u6570\u5e74\u524d\u306a\u306e\u3067\u3059\u304c\u3001\u4eca\u3084\u9694\u4e16\u306e\u611f\u304c\u3042\u308a\u307e\u3059\u3002<\/p>\n\n\n\n<p>\u8a18\u4e8b\u306e\u4e2d\u3067\u30b7\u30e5\u30df\u30c3\u30c8\u30fb\u30c0\u30cb\u30a8\u30eb\u304c<\/p>\n\n\n\n<p>\u300c\u7af6\u6280\u751f\u6d3b\u306f\u30c1\u30e3\u30ec\u30f3\u30b8\u306e\u9023\u7d9a\u3002\u5e38\u306b\u81ea\u5206\u81ea\u8eab\u3092\u6210\u9577\u3055\u305b\u306a\u3051\u308c\u3070\u306a\u308a\u307e\u305b\u3093\u3002\u300d<\/p>\n\n\n\n<p>\u3068\u8a9e\u3063\u3066\u3044\u307e\u3059\u304c\u3001\u672c\u5f53\u306b\u305d\u306e\u901a\u308a\u3067\u3059\u3002<\/p>\n\n\n\n<p>\u30e1\u30eb\u30bb\u30c7\u30b9\u30d9\u30f3\u30c4\u3078\u306e\u30ea\u30c3\u30d7\u30b5\u30fc\u30d3\u30b9\u304b\u3069\u3046\u304b\u308f\u304b\u308a\u307e\u305b\u3093\u304c\u3001\u904b\u8ee2\u6a5f\u4f1a\u304c\u591a\u3044\u3068\u8a00\u3063\u3066\u3044\u307e\u3059\u3051\u3069\u3001\u73fe\u5f79\u9078\u624b\u3067\u3044\u308b\u9593\u3050\u3089\u3044\u3001\u81ea\u5206\u3067\u904b\u8ee2\u3059\u308b\u306e\u306f\u63a7\u3048\u305f\u65b9\u304c\u826f\u3044\u304b\u3082\u3088\u3001\u3068\u8981\u3089\u306c\u4e16\u8a71\u3092\u713c\u304d\u305f\u304f\u306a\u308a\u307e\u3059\u3002<\/p>\n\n\n\n<p>\u3068\u3053\u308d\u3067\u3002<\/p>\n\n\n\n<p>\u30e1\u30eb\u30bb\u30c7\u30b9\u30d9\u30f3\u30c4\u306eEV\u3067\u8a00\u3046\u3068\u3001EQ\u30b7\u30ea\u30fc\u30ba\u3082\u30c1\u30e3\u30ec\u30f3\u30b8\u306e\u9023\u7d9a\u3092\u3059\u308b\u305f\u3081\u306e\u30b7\u30ea\u30fc\u30ba\u3067\u3059\u3002<\/p>\n\n\n\n<p>EQA\u304b\u3089\u59cb\u307e\u3063\u3066EQE\u3068\u304bEQS\u307e\u3067\u3042\u308b\u306e\u3067\u3001A\u30af\u30e9\u30b9\u304b\u3089E\u30af\u30e9\u30b9\u3001S\u30af\u30e9\u30b9\u306eEV\u30e2\u30c7\u30eb\u3068\u8aa4\u89e3\u3055\u308c\u308b\u3053\u3068\u3082\u3042\u308a\u307e\u3059\u304c\u3001\u5168\u304f\u9055\u3044\u307e\u3059\u3002<\/p>\n\n\n\n<p>EQ\u30b7\u30ea\u30fc\u30ba\u3067\u5f97\u305f\u77e5\u898b\u304c\u3001\u3084\u304c\u3066\u672c\u6d41\u306e\u30e2\u30c7\u30eb\u306eEV\u30e2\u30c7\u30eb\u3068\u3057\u3066\u6d3b\u304b\u3055\u308c\u308b\u3053\u3068\u306b\u306a\u308a\u307e\u3059\u3002<\/p>\n\n\n\n<p>\u3068\u8a00\u3044\u307e\u3059\u304b\u3001<\/p>\n\n\n\n<p>\u4f55\u5e74\u304b\u5f8c\u306b\u306fA\u30af\u30e9\u30b9\u304b\u3089E\u30af\u30e9\u30b9\u3001S\u30af\u30e9\u30b9\u3059\u3079\u3066EV\u3068\u306a\u308a\u3001EQ\u30b7\u30ea\u30fc\u30ba\u306f\u305d\u306e\u5f79\u5272\u3092\u7d42\u3048\u308b\u3068\u601d\u308f\u308c\u307e\u3059\u3002<\/p>\n\n\n\n<h2 class=\"wp-block-heading\">2023\u5e747\u670827\u65e5<\/h2>\n\n\n\n<p>\u30e1\u30eb\u30bb\u30c7\u30b9\u30d9\u30f3\u30c4\u306e\u516c\u5f0fSNS\u3067\u306f\u30012023 \u5e74\u7b2c 2 \u56db\u534a\u671f\u306e\u8ca1\u52d9\u7d50\u679c\u767a\u8868\u306b\u3064\u3044\u3066\u6295\u7a3f\u3057\u3001<\/p>\n\n\n\n<p class=\"has-vivid-cyan-blue-color has-text-color\">\u300cfor the full figures, visit our website.\u300d<\/p>\n\n\n\n<p class=\"has-vivid-cyan-blue-color has-text-color\">\u300c\u8a73\u7d30\u306a\u6570\u5024\u306b\u3064\u3044\u3066\u306f Web \u30b5\u30a4\u30c8\u306b\u30a2\u30af\u30bb\u30b9\u3057\u3066\u304f\u3060\u3055\u3044\u3002\u300d<\/p>\n\n\n\n<p>\u3068\u4f1d\u3048\u3066\u3044\u307e\u3059\u3002<\/p>\n\n\n\n<p>\u6700\u521d\u3001\u65b0\u578b\uff25\u30af\u30e9\u30b9\u306b\u3064\u3044\u3066\u306e\u6295\u7a3f\u304b\u3068\u601d\u3044\u307e\u3057\u305f\uff0e\uff0e\uff0e<\/p>\n\n\n\n<blockquote class=\"twitter-tweet\"><p lang=\"en\" dir=\"ltr\">We just released our Q2 2023 financial results. Swipe through for a quick overview, and for the full figures, visit our website. <a href=\"https:\/\/twitter.com\/hashtag\/MercedesBenz?src=hash&amp;ref_src=twsrc%5Etfw\">#MercedesBenz<\/a><\/p>&mdash; Mercedes-Benz Press (@MB_Press) <a href=\"https:\/\/twitter.com\/MB_Press\/status\/1684473495412002816?ref_src=twsrc%5Etfw\">July 27, 2023<\/a><\/blockquote> <script async src=\"https:\/\/platform.twitter.com\/widgets.js\" charset=\"utf-8\"><\/script>\n\n\n\n<p>\u524d\u5e74\u5ea6\u540c\u671f\u3068\u6bd4\u8f03\u3057\u3066\u3082\u5229\u76ca\u3082\u53ce\u76ca\u3082\u5897\u52a0\u3057\u3066\u3044\u307e\u3059\u3002<\/p>\n\n\n\n<p class=\"has-vivid-cyan-blue-color has-text-color\">July 27, 2023 \u2013 Mercedes-Benz Group\u2019s sharpened focus on sustainable growth through sales of desirable cars and premium vans, combined with tight cost control, lifted second-quarter Earnings Before Interest and Taxes (EBIT) by 8% to \u20ac5.0 billion (Q2 2022: \u20ac4.6 billion) and revenue by 5% to \u20ac38.2 billion (Q2 2022: \u20ac36.4 billion).<\/p>\n\n\n\n<p class=\"has-vivid-cyan-blue-color has-text-color\">2023 \u5e74 7 \u6708 27 \u65e5 \u2013 \u30e1\u30eb\u30bb\u30c7\u30b9\u30fb\u30d9\u30f3\u30c4 \u30b0\u30eb\u30fc\u30d7\u306f\u3001\u53b3\u3057\u3044\u30b3\u30b9\u30c8\u7ba1\u7406\u3068\u3001\u9b45\u529b\u7684\u306a\u8eca\u7a2e\u3084\u9ad8\u7d1aSUV\u306e\u8ca9\u58f2\u3092\u901a\u3058\u3066\u6301\u7d9a\u53ef\u80fd\u306a\u6210\u9577\u306b\u91cd\u70b9\u3092\u7f6e\u304d\u3001\u7b2c 2 \u56db\u534a\u671f\u306e\u5229\u606f\u30fb\u7a0e\u5f15\u304d\u524d\u5229\u76ca (EBIT) \u3092 8% \u5897\u52a0\u3057\u3066 50 \u5104\u30e6\u30fc\u30ed\u306b\u9054\u3057\u307e\u3057\u305f (2022\u5e74\u306e\u7b2c 2 \u56db\u534a\u671f\u306f46\u5104\u30e6\u30fc\u30ed\uff09\u3001\u53ce\u76ca\u306f5%\u5897\u306e382\u5104\u30e6\u30fc\u30ed\uff082022\u5e74\u306e\u7b2c2\u56db\u534a\u671f\u306f364\u5104\u30e6\u30fc\u30ed\uff09\u3002<\/p>\n\n\n\n<h2 class=\"wp-block-heading\">2023\u5e747\u670827\u65e5<\/h2>\n\n\n\n<p>\u30e1\u30eb\u30bb\u30c7\u30b9\u30d9\u30f3\u30c4\u306e\u516c\u5f0fSNS\u3067\u7dca\u6025\u4e88\u544a\uff01<\/p>\n\n\n\n<p>\u6700\u521d\u3001\u4f55\u306e\u753b\u50cf\u3092\u8cbc\u308a\u4ed8\u3051\u3066\u3044\u308b\u306e\u3060\u308d\u3046\uff1f\u3068\u3001\u601d\u3044\u304d\u3084\u4e88\u544a\u52d5\u753b\u3067\u3057\u305f\u3002<\/p>\n\n\n\n<p class=\"has-vivid-cyan-blue-color has-text-color\">\u3000\u300cMercedes-Benz is revealing its new midsize van portfolio tomorrow. Stay tuned.\u300d<\/p>\n\n\n\n<p class=\"has-vivid-cyan-blue-color has-text-color\">\u3000\u300c\u30e1\u30eb\u30bb\u30c7\u30b9\u30d9\u30f3\u30c4\u306f\u660e\u65e5\u3001\u65b0\u578b\u30df\u30c9\u30eb\u30af\u30e9\u30b9\u30fb\u30d0\u30f3\u306e\u6982\u8981\u3092\u767a\u8868\u3057\u307e\u3059\u300d<\/p>\n\n\n\n<p>\u3068\u306e\u3053\u3068\u3067\u3059\u3002<\/p>\n\n\n\n<blockquote class=\"twitter-tweet\"><p lang=\"en\" dir=\"ltr\">Mercedes-Benz is revealing its new midsize van portfolio tomorrow. Stay tuned.<a href=\"https:\/\/twitter.com\/hashtag\/MercedesBenz?src=hash&amp;ref_src=twsrc%5Etfw\">#MercedesBenz<\/a> <a href=\"https:\/\/twitter.com\/hashtag\/Vans?src=hash&amp;ref_src=twsrc%5Etfw\">#Vans<\/a> <a href=\"https:\/\/t.co\/SD15jB5TuI\">pic.twitter.com\/SD15jB5TuI<\/a><\/p>&mdash; Mercedes-Benz Press (@MB_Press) <a href=\"https:\/\/twitter.com\/MB_Press\/status\/1684171710340255744?ref_src=twsrc%5Etfw\">July 26, 2023<\/a><\/blockquote> <script async src=\"https:\/\/platform.twitter.com\/widgets.js\" charset=\"utf-8\"><\/script>\n\n\n\n<p>\u3068\u306f\u8a00\u3063\u3066\u3082\u3001\u52d5\u753b\u3067\u65b0\u578bV\u30af\u30e9\u30b9\u306e\u3053\u3068\u3067\u3042\u308b\u306e\u306f\u660e\u3089\u304b\u306b\u306a\u3063\u3066\u3044\u307e\u3059\u3088\u30cd\u3002<\/p>\n\n\n\n<p>S\u30af\u30e9\u30b9\u3068\u540c\u3058\u30de\u30b9\u30af\u306b\u30dc\u30f3\u30cd\u30c3\u30c8\u306b\u30b9\u30ea\u30fc\u30dd\u30a4\u30f3\u30c6\u30c3\u30c9\u30de\u30b9\u30b3\u30c3\u30c8\u3002<\/p>\n\n\n\n<p>\u660e\u65e5\u304c\u697d\u3057\u307f\uff0e\uff0e\uff0e<\/p>\n\n\n\n<h2 class=\"wp-block-heading\">2023\u5e747\u670826\u65e5<\/h2>\n\n\n\n<p>\u590f\u306e\u30d0\u30ab\u30f3\u30b9\u304c\u59cb\u307e\u308b\u30e8\u30fc\u30ed\u30c3\u30d1\u3002<\/p>\n\n\n\n<p>\u30c9\u30a4\u30c4\u306e\u30e1\u30eb\u30bb\u30c7\u30b9\u30d9\u30f3\u30c4\u516c\u5f0fSNS\u3067\u306f\u65b0\u578bGLC\u30af\u30fc\u30da\u306e\u30d7\u30e9\u30b0\u30a4\u30f3\u30cf\u30a4\u30d6\u30ea\u30c3\u30c9\u3092\u6295\u7a3f\u3002<\/p>\n\n\n\n<p>\u30ea\u30a2\u30b7\u30fc\u30c8\u3092\u5012\u305b\u3070\u5927\u5bb9\u91cf\uff08\u5408\u8a081,335\u30ea\u30c3\u30c8\u30eb\uff09\u306e\u8377\u7269\u3092\u7a4d\u3081\u308b\u3068\u4f1d\u3048\u3066\u3044\u307e\u3059\u3002<\/p>\n\n\n\n<p><mark style=\"background-color:rgba(0, 0, 0, 0)\" class=\"has-inline-color has-vivid-cyan-blue-color\">\u300cWas packt ihr f\u00fcr den Urlaub ein?\u300d<\/mark><\/p>\n\n\n\n<p><mark style=\"background-color:rgba(0, 0, 0, 0)\" class=\"has-inline-color has-vivid-cyan-blue-color\">\u300c\u30d0\u30ab\u30f3\u30b9\u306e\u6e96\u5099\u3057\u3066\u307e\u3059\u304b\uff1f\u300d<\/mark><\/p>\n\n\n\n<p>\u3055\u3066\u3001\u7686\u69d8\u306f\u3044\u304b\u304c\u3067\u3057\u3087\u3046\u304b\uff1f<\/p>\n\n\n\n<p>\u3061\u306a\u307f\u306b\u79c1\u306b\u306f\u30d0\u30ab\u30f3\u30b9\u3069\u3053\u308d\u304b\u590f\u4f11\u307f\u3068\u304b\u76c6\u4f11\u307f\u3082\u3042\u308a\u307e\u305b\u3093\uff0e\uff0e\uff0e\uff08\u6d99\uff09\u3002<\/p>\n\n\n\n<blockquote class=\"twitter-tweet\"><p lang=\"de\" dir=\"ltr\">Im neuen <a href=\"https:\/\/twitter.com\/hashtag\/MercedesBenz?src=hash&amp;ref_src=twsrc%5Etfw\">#MercedesBenz<\/a> <a href=\"https:\/\/twitter.com\/hashtag\/GLC?src=hash&amp;ref_src=twsrc%5Etfw\">#GLC<\/a> <a href=\"https:\/\/twitter.com\/hashtag\/Coup%C3%A9?src=hash&amp;ref_src=twsrc%5Etfw\">#Coup\u00e9<\/a> Plug-in-Hybrid l\u00e4sst sich das Gep\u00e4ckraumvolumen durch flexibles Umlegen der R\u00fcckbank von 390 auf ganze 1.335 Liter erweitern.<br><br>Was packt ihr f\u00fcr den Urlaub ein? \ud83d\udc40<br><br>Mehr erfahren:<br>\ud83d\udc49 <a href=\"https:\/\/t.co\/U0OqPbxHBB\">https:\/\/t.co\/U0OqPbxHBB<\/a> <a href=\"https:\/\/t.co\/tFsPHaeMRD\">pic.twitter.com\/tFsPHaeMRD<\/a><\/p>&mdash; Mercedes-Benz Deutschland (@MercedesBenz_DE) <a href=\"https:\/\/twitter.com\/MercedesBenz_DE\/status\/1683869841206173696?ref_src=twsrc%5Etfw\">July 25, 2023<\/a><\/blockquote> <script async src=\"https:\/\/platform.twitter.com\/widgets.js\" charset=\"utf-8\"><\/script>\n\n\n\n<p>\u3068\u3053\u308d\u3067\u6295\u7a3f\u8a18\u4e8b\u306e\u30e2\u30c7\u30eb\u306f\u30d7\u30e9\u30b0\u30a4\u30f3\u30cf\u30a4\u30d6\u30ea\u30c3\u30c9\u30e2\u30c7\u30eb\u3067\u3059\u3002<\/p>\n\n\n\n<p>\u65e5\u672c\u3067\u306f\u3044\u307e\u3060\u65b0\u578bGLC\u30af\u30fc\u30da\u306f\u5c0e\u5165\u3055\u308c\u3066\u3044\u307e\u305b\u3093\u3002<\/p>\n\n\n\n<p>\u65b0\u578bGLC\u3067\u3042\u3063\u3066\u3082\u3001\u30d7\u30e9\u30b0\u30a4\u30f3\u30cf\u30a4\u30d6\u30ea\u30c3\u30c9\u3069\u3053\u308d\u304b\u3001\u901a\u5e38\u30a8\u30f3\u30b8\u30f3\u30e2\u30c7\u30eb\u30822\u30ea\u30c3\u30bf\u30fc\u30c7\u30a3\u30fc\u30bc\u30eb\u306e1\u30e2\u30c7\u30eb\u306e\u307f\u3067\u3059\u3002<\/p>\n\n\n\n<p>\u65b0\u578bGLC\u3082\u3001\u65b0\u578bGLC\u30af\u30fc\u30da\u3082\u3001SUV\u4eba\u6c17\u304c\u9ad8\u3044\u65e5\u672c\u5e02\u5834\u3067\u3059\u304b\u3089\u3001\u3068\u3066\u3082\u58f2\u308c\u305d\u3046\u306a\u6c17\u304c\u3059\u308b\u306e\u3067\u3059\u304c\uff0e\uff0e\uff0e<\/p>\n\n\n\n<h2 class=\"wp-block-heading\">2023\u5e747\u670823\u65e5<\/h2>\n\n\n\n<p>\u3053\u3053\u6570\u65e5\u9593\u3001\u4e16\u754c\u4e2d\u306e\u30e1\u30eb\u30bb\u30c7\u30b9\u30d9\u30f3\u30c4\u306e\u516c\u5f0fSNS\u3067\u306fEQS\u304c\u6295\u7a3f\u3055\u308c\u3066\u3044\u307e\u3057\u305f\u3002<\/p>\n\n\n\n<p>\u73cd\u3057\u304f\u65e5\u672c\u306e\u30e1\u30eb\u30bb\u30c7\u30b9\u30d9\u30f3\u30c4\u306e\u516c\u5f0fSNS\u3067\u3082\u3002<\/p>\n\n\n\n<p>\u305d\u306e\u5f8c\u3001\u30c9\u30a4\u30c4\u306e\u516c\u5f0fSNS\u3067\u306f\u65b0\u578bA\u30af\u30e9\u30b9\u306e\u30bb\u30c0\u30f3\u3092\u6295\u7a3f\u3002<\/p>\n\n\n\n<p>\u30c9\u30a4\u30c4\u8a9e\u306e\u300cAKlasse Limousine\u300d\u3068\u3044\u3046\u306e\u306f\u300cA Class sedan\u300d\u3068\u3044\u3046\u610f\u5473\u3067\u3059\u3002<\/p>\n\n\n\n<blockquote class=\"twitter-tweet\"><p lang=\"de\" dir=\"ltr\">In der Form der <a href=\"https:\/\/twitter.com\/hashtag\/MercedesBenz?src=hash&amp;ref_src=twsrc%5Etfw\">#MercedesBenz<\/a> <a href=\"https:\/\/twitter.com\/hashtag\/AKlasse?src=hash&amp;ref_src=twsrc%5Etfw\">#AKlasse<\/a> Limousine verschmelzen kompakte Dynamik und die klassische Limousinenlinie zu einem Gesamtkunstwerk. Das optionale KEYLESS-GO erkennt den richtigen Schl\u00fcssel und sorgt f\u00fcr komfortables Einsteigen.<br><br>Mehr dazu:<br>\ud83d\udc49 <a href=\"https:\/\/t.co\/2B0D4JMHM3\">https:\/\/t.co\/2B0D4JMHM3<\/a> <a href=\"https:\/\/t.co\/JVjDUTuzJB\">pic.twitter.com\/JVjDUTuzJB<\/a><\/p>&mdash; Mercedes-Benz Deutschland (@MercedesBenz_DE) <a href=\"https:\/\/twitter.com\/MercedesBenz_DE\/status\/1682782602736926720?ref_src=twsrc%5Etfw\">July 22, 2023<\/a><\/blockquote> <script async src=\"https:\/\/platform.twitter.com\/widgets.js\" charset=\"utf-8\"><\/script>\n\n\n\n<p>\u5199\u771f\u306e\u30e2\u30c7\u30eb\u306f\u6b8b\u5ff5\u306a\u304c\u3089\u65e5\u672c\u3078\u306f\u5c0e\u5165\u3055\u308c\u3066\u3044\u307e\u305b\u3093\u3002\uff08\u4eca\u306e\u3068\u3053\u308d\uff09<\/p>\n\n\n\n<p>\u5148\u65e5\u306e\u65b0\u578bGLE\u3067\u3001\u305d\u306e\u9b45\u60d1\u7684\u306a\u30b9\u30bf\u30a4\u30eb\u306b\u885d\u6483\u3092\u53d7\u3051\u3001\u307e\u3060\u4f59\u97fb\u307f\u305f\u3044\u306a\u3082\u306e\u304c\u3042\u308a\u307e\u3059\u3002<\/p>\n\n\n\n<p>\u3067\u3082\u3001\u6539\u3081\u3066\u65b0\u578bA\u30af\u30e9\u30b9\u3092\u898b\u3066\u307f\u308b\u3068\u3001\u3051\u3063\u3053\u3046\u826f\u304f\u307e\u3068\u307e\u3063\u3066\u3044\u308b\u306a\u3041\u3068\u601d\u3044\u307e\u3059\u304c\u3001\u7686\u69d8\u3044\u304b\u304c\u3067\u3057\u3087\u3046\u304b\uff1f<\/p>\n\n\n\n<p>\u30ea\u30f3\u30af\u3055\u308c\u3066\u3044\u308b\u30b5\u30a4\u30c8\u306f\u30c9\u30a4\u30c4\u306eA\u30af\u30e9\u30b9 \u30bb\u30c0\u30f3\u5c02\u7528\u30b5\u30a4\u30c8\u3067\u3059\u3002<\/p>\n\n\n\n<p><a href=\"https:\/\/www.mercedes-benz.de\/passengercars\/models\/saloon\/a-class\/overview.html?csref=sm_tw_v177_pc\">https:\/\/www.mercedes-benz.de\/passengercars\/models\/saloon\/a-class\/overview.html?csref=sm_tw_v177_pc<\/a><\/p>\n\n\n\n<h2 class=\"wp-block-heading\">2023\u5e747\u670822\u65e5<\/h2>\n\n\n\n<p>\u307e\u308b\u3067SNS\u306b\u95a2\u5fc3\uff08\u3084\u308b\u6c17\uff1f\uff09\u306e\u306a\u304b\u3063\u305f\u30e1\u30eb\u30bb\u30c7\u30b9\u30d9\u30f3\u30c4\uff08\u82f1\u56fd\uff09\u304c3\u6708\u4ee5\u67654\u304b\u6708\u3076\u308a\u306b\u6295\u7a3f\u3057\u305f\u306e\u304c\u65b0\u578bCLE\u30ab\u30d6\u30ea\u30aa\u30ec\u3002<\/p>\n\n\n\n<blockquote class=\"twitter-tweet\"><p lang=\"en\" dir=\"ltr\">The interior of our new CLE Cabriolet offers sporty luxury with a spacious feel.<br><br>Some of its many highlights: exclusively developed front seats and an 11.9-inch central display in a user-friendly portrait format.<br><br>Learn more: <a href=\"https:\/\/t.co\/WPffILSnk5\">https:\/\/t.co\/WPffILSnk5<\/a><a href=\"https:\/\/twitter.com\/hashtag\/MercedesBenz?src=hash&amp;ref_src=twsrc%5Etfw\">#MercedesBenz<\/a> <a href=\"https:\/\/twitter.com\/hashtag\/CLE?src=hash&amp;ref_src=twsrc%5Etfw\">#CLE<\/a> <a href=\"https:\/\/twitter.com\/hashtag\/Cabriolet?src=hash&amp;ref_src=twsrc%5Etfw\">#Cabriolet<\/a> <a href=\"https:\/\/t.co\/8gDTVmzsBL\">pic.twitter.com\/8gDTVmzsBL<\/a><\/p>&mdash; Mercedes-Benz UK (@MercedesBenzUK) <a href=\"https:\/\/twitter.com\/MercedesBenzUK\/status\/1678796326245396483?ref_src=twsrc%5Etfw\">July 11, 2023<\/a><\/blockquote> <script async src=\"https:\/\/platform.twitter.com\/widgets.js\" charset=\"utf-8\"><\/script>\n\n\n\n<p>\u3068\u3001\u540c\u6642\u306b\u610f\u5473\u4e0d\u660e\u306e\u6295\u7a3f\u3082\u3002<\/p>\n\n\n\n<blockquote class=\"twitter-tweet\"><p lang=\"en\" dir=\"ltr\">Your full name, telephone number, email address, full postal address, VIN number and registration number. Once we receive the information, we can forward them to our colleagues, along with your concerns you may have with Mercedes-Benz of Derby. Thank you. (2\/2)<\/p>&mdash; Mercedes-Benz UK (@MercedesBenzUK) <a href=\"https:\/\/twitter.com\/MercedesBenzUK\/status\/1679069353361195008?ref_src=twsrc%5Etfw\">July 12, 2023<\/a><\/blockquote> <script async src=\"https:\/\/platform.twitter.com\/widgets.js\" charset=\"utf-8\"><\/script>\n\n\n\n<p>\u30af\u30ea\u30b9\u306a\u308b\u4eba\u7269\u306b\u5b9b\u3066\u305f\u30b5\u30fc\u30d3\u30b9\u306b\u95a2\u3059\u308b\u5fdc\u7b54\u30e1\u30c3\u30bb\u30fc\u30b8\u306e\u3088\u3046\u3067\u3059\u304c\u3001<\/p>\n\n\n\n<p>\u3072\u3087\u3063\u3068\u3057\u3066DM\u3067\u8fd4\u4fe1\u3059\u3079\u304d\u3092\u4e00\u822c\u6295\u7a3f\u3057\u3066\u3057\u307e\u3063\u305f\uff0e\uff0e\uff0e\uff1f<\/p>\n\n\n\n<p>\u6bce\u65e5\u306e\u3088\u3046\u306b\u6295\u7a3f\u3059\u308b\u56fd\u3082\u3042\u308c\u3070\u3001\u82f1\u56fd\u306e\u3088\u3046\u306b\u30e6\u30eb\u30a4\u56fd\u3082\u3042\u308b\u3002<\/p>\n\n\n\n<p>\u591a\u69d8\u6027\u306f\u5927\u4e8b\u3067\u3059\u3088\u30cd\u3002\uff08\u305d\u308c\u307b\u3069\u5927\u8888\u88df\u306a\u8a71\u984c\u3067\u3082\u306a\u3044\u304b\uff09<\/p>\n\n\n\n<h2 class=\"wp-block-heading\">2023\u5e747\u670821\u65e5<\/h2>\n\n\n\n<p>\u30e1\u30eb\u30bb\u30c7\u30b9\u30d9\u30f3\u30c4\u5e83\u5831\u3067\u306f\u3001CLE\u306e\u30ef\u30fc\u30eb\u30c9\u30d7\u30ec\u30df\u30a2\u3092\u898b\u9003\u3057\u305f\u4eba\u306f\u3053\u3053\u3092\u898b\u308d\u3068\u30ea\u30f3\u30af\u3092\u7d39\u4ecb\u3057\u3066\u3044\u307e\u3059\u3002<\/p>\n\n\n\n<p>CLE\u306e\u30ef\u30fc\u30eb\u30c9\u30d7\u30ec\u30df\u30a2\u3067\u516c\u958b\u3055\u308c\u305f\u52d5\u753b\u3084\u5199\u771f\u306a\u3069\u3092\u773a\u3081\u308b\u3053\u3068\u304c\u3067\u304d\u307e\u3059\u3002<\/p>\n\n\n\n<blockquote class=\"twitter-tweet\"><p lang=\"en\" dir=\"ltr\">Missed the digital world premiere of the all-new <a href=\"https:\/\/twitter.com\/hashtag\/CLE?src=hash&amp;ref_src=twsrc%5Etfw\">#CLE<\/a>? Head to Mercedes-Benz Media now: <a href=\"https:\/\/t.co\/cN6jzi2P8G\">https:\/\/t.co\/cN6jzi2P8G<\/a> <a href=\"https:\/\/twitter.com\/hashtag\/MercedesBenz?src=hash&amp;ref_src=twsrc%5Etfw\">#MercedesBenz<\/a> <a href=\"https:\/\/t.co\/MrPqqQhHGB\">pic.twitter.com\/MrPqqQhHGB<\/a><\/p>&mdash; Mercedes-Benz Press (@MB_Press) <a href=\"https:\/\/twitter.com\/MB_Press\/status\/1681589698408611840?ref_src=twsrc%5Etfw\">July 19, 2023<\/a><\/blockquote> <script async src=\"https:\/\/platform.twitter.com\/widgets.js\" charset=\"utf-8\"><\/script>\n\n\n\n<h2 class=\"wp-block-heading\">2023\u5e747\u670820\u65e5<\/h2>\n\n\n\n<p>\u30e1\u30eb\u30bb\u30c7\u30b9\u30d9\u30f3\u30c4\u3067\u65b0\u578bC\u30af\u30e9\u30b9\u306e\u7279\u5225\u4ed5\u69d8\u8eca\u304c\u767b\u5834\uff01<\/p>\n\n\n\n<p>\u3068\u8a00\u3063\u3066\u3082\u3001\u30b7\u30fc\u30c8\u306e\u4ed5\u69d8\u304c\u7279\u6ce8\u3067\u3059\u304c\u4ed6\u306f\u7d44\u307f\u5408\u308f\u305b\u7684\u306a\u30e2\u30c7\u30eb\u3068\u306a\u3063\u3066\u3044\u307e\u3059\u3002<\/p>\n\n\n\n<p>\u305d\u308c\u3067\u3082\u8cb4\u91cd\u4fa1\u5024\u3092\u898b\u51fa\u3059\u4eba\u3082\u591a\u3044\u30cf\u30ba\u3002<\/p>\n\n\n\n<blockquote class=\"twitter-tweet\"><p lang=\"ja\" dir=\"ltr\">\u3010\u30aa\u30f3\u30e9\u30a4\u30f3\u30b7\u30e7\u30fc\u30eb\u30fc\u30e0\u3067\u306e\u5148\u884c\u8ca9\u58f2\u306f7\/31 (\u6708)\u307e\u3067\uff01\u3011<br>\u30b9\u30dd\u30fc\u30c6\u30a3\u3055\u3068\u8cea\u611f\u306e\u9ad8\u3055\u3092\u4e21\u7acb\u3055\u305b\u305f\u3001\u7279\u5225\u306aC\u30af\u30e9\u30b9 \u30bb\u30c0\u30f3\u300cC 200 Sports Exclusive Limited\u300d\u304c200\u53f0\u9650\u5b9a\u3067\u767b\u5834\uff01<br><br>\u25bc\u8a73\u3057\u3044\u8eca\u7a2e\u60c5\u5831\u306f\u3053\u3061\u3089\u304b\u3089<a href=\"https:\/\/t.co\/Ync8vCIplt\">https:\/\/t.co\/Ync8vCIplt<\/a><br><br>\u203b\u9650\u5b9a\u53f0\u6570\u306f\u5916\u88c5\u5185\u88c5\u306e\u7d44\u307f\u5408\u308f\u305b\u306b\u3088\u308a\u7570\u306a\u308a\u307e\u3059\u3002 <a href=\"https:\/\/t.co\/4BzvAoLGlv\">pic.twitter.com\/4BzvAoLGlv<\/a><\/p>&mdash; \u30e1\u30eb\u30bb\u30c7\u30b9\u30fb\u30d9\u30f3\u30c4\u65e5\u672c\/Mercedes-Benz Japan (@MercedesBenz_JP) <a href=\"https:\/\/twitter.com\/MercedesBenz_JP\/status\/1681589706373357569?ref_src=twsrc%5Etfw\">July 19, 2023<\/a><\/blockquote> <script async src=\"https:\/\/platform.twitter.com\/widgets.js\" charset=\"utf-8\"><\/script>\n\n\n\n<p>\u7d44\u307f\u5408\u308f\u305b\u3068\u3044\u3046\u5185\u5bb9\u306f\u4ee5\u4e0b\u3068\u306a\u308a\u307e\u3059\u3002<\/p>\n\n\n\n<p>\u25cf\u30aa\u30d6\u30b7\u30c7\u30a3\u30a2\u30f3\u30d6\u30e9\u30c3\u30af<br>\u30e1\u30fc\u30ab\u30fc\u5e0c\u671b\u5c0f\u58f2\u4fa1\u683c\uff08\u7a0e\u8fbc\uff09\uff1a8,670,000 \u5186<br>\u5185\u88c5\u8272\uff1a\u30d6\u30e9\u30c3\u30af\u3000\u5168\u56fd\u9650\u5b9a70\u53f0<br>\u5185\u88c5\u8272\uff1a\u30b7\u30a8\u30ca\u30d6\u30e9\u30a6\u30f3\u3000\u5168\u56fd\u9650\u5b9a20\u53f0<\/p>\n\n\n\n<p>\u25cf\u30aa\u30d1\u30ea\u30b9\u30db\u30ef\u30a4\u30c8<br>\u30e1\u30fc\u30ab\u30fc\u5e0c\u671b\u5c0f\u58f2\u4fa1\u683c\uff08\u7a0e\u8fbc\uff09\uff1a8,777,000 \u5186<br>\u5185\u88c5\u8272\uff1a\u30d6\u30e9\u30c3\u30af\u3000\u5168\u56fd\u9650\u5b9a70\u53f0<br>\u5185\u88c5\u8272\uff1a\u30b7\u30a8\u30ca\u30d6\u30e9\u30a6\u30f3\u3000\u5168\u56fd\u9650\u5b9a40\u53f0<\/p>\n\n\n\n<p>\u3064\u307e\u308a\u9ed2\u306e\u30dc\u30c7\u30a3\u30ab\u30e9\u30fc\u3067\u8336\u8272\u306e\u5185\u88c5\u3060\u3068<strong>\u300c20\u53f0\u306e\u307f\u300d<\/strong>\u3068\u3044\u3046\u5e0c\u5c11\u4fa1\u5024\u306b\u306a\u308a\u307e\u3059\u3002<\/p>\n\n\n\n<h2 class=\"wp-block-heading\">2023\u5e747\u67089\u65e5<\/h2>\n\n\n\n<p>\u73cd\u3057\u304f\u65e5\u672c\u306e\u30e1\u30eb\u30bb\u30c7\u30b9\u30d9\u30f3\u30c4\u304c\u5c0e\u5165\u672a\u5b9a\u30e2\u30c7\u30eb\u306e\u30ef\u30fc\u30eb\u30c9\u30d7\u30ec\u30df\u30a2\u3092\u63b2\u8f09\u3002<\/p>\n\n\n\n<p>\u3053\u308c\u306f\u65e5\u672c\u5c0e\u5165\u304c\u8fd1\u3044\uff1f<\/p>\n\n\n\n<p>\u3044\u3084\u3001\u305d\u3093\u306a\u30cf\u30ba\u306f\uff0e\uff0e\uff0e<\/p>\n\n\n\n<blockquote class=\"twitter-tweet\"><p lang=\"ja\" dir=\"ltr\">\u30c9\u30a4\u30c4\u3067\u884c\u308f\u308c\u305f\u65b0\u578bCLE\u306e\u30ef\u30fc\u30eb\u30c9\u30d7\u30ec\u30df\u30a2\u6620\u50cf\u3092\u3054\u89a7\u304f\u3060\u3055\u3044\u3002<br><br>\u203b\u30ea\u30f3\u30af\u5148\u306f\u30e1\u30eb\u30bb\u30c7\u30b9\u30fb\u30d9\u30f3\u30c4\u672c\u793e\u306eYouTube\u30a2\u30ab\u30a6\u30f3\u30c8\u3067\u3059<br>\u203b\u672c\u793e\u3067\u767a\u8868\u3055\u308c\u305f\u6b27\u5dde\u4ed5\u69d8\u3067\u3042\u308a\u3001\u65e5\u672c\u4ed5\u69d8\u3068\u7570\u306a\u308b\u5834\u5408\u304c\u3042\u308a\u307e\u3059<br>\u203b\u65e5\u672c\u306b\u5c0e\u5165\u3059\u308b\u30e9\u30a4\u30f3\u30a2\u30c3\u30d7\u306f\u672a\u5b9a\u3067\u3059<br>\u203b\u52d5\u753b\u5185\u306e\u97f3\u58f0\u306f\u82f1\u8a9e\u3067\u3059<a href=\"https:\/\/t.co\/gMRvQ1zoC3\">https:\/\/t.co\/gMRvQ1zoC3<\/a><\/p>&mdash; \u30e1\u30eb\u30bb\u30c7\u30b9\u30fb\u30d9\u30f3\u30c4\u65e5\u672c\/Mercedes-Benz Japan (@MercedesBenz_JP) <a href=\"https:\/\/twitter.com\/MercedesBenz_JP\/status\/1677233828040171521?ref_src=twsrc%5Etfw\">July 7, 2023<\/a><\/blockquote> <script async src=\"https:\/\/platform.twitter.com\/widgets.js\" charset=\"utf-8\"><\/script>\n\n\n\n<p>\u3061\u306a\u307f\u306b\u73fe\u5728\u30a2\u30ca\u30a6\u30f3\u30b9\u3055\u308c\u3066\u3044\u308b\u65b0\u578bCLE\u30af\u30fc\u30da\u306e\u30e9\u30a4\u30f3\u30ca\u30c3\u30d7\u306f\u4ee5\u4e0b\u306b\u306a\u308a\u307e\u3059\u3002<\/p>\n\n\n\n<ul class=\"wp-block-list\">\n<li>CLE 220 d \uff1a4\u6c17\u7b522000cc \u30c7\u30a3\u30fc\u30bc\u30eb<\/li>\n\n\n\n<li>CLE 200 \uff1a4\u6c17\u7b522000cc \u30ac\u30bd\u30ea\u30f3<\/li>\n\n\n\n<li>CLE 200 4MATIC\uff1a4\u6c17\u7b522000cc \u30ac\u30bd\u30ea\u30f3<\/li>\n\n\n\n<li>CLE 300 4MATIC\uff1a4\u6c17\u7b522000cc \u30ac\u30bd\u30ea\u30f3<\/li>\n\n\n\n<li>CLE 450 4MATIC\uff1a6\u6c17\u7b523000cc \u30ac\u30bd\u30ea\u30f3<\/li>\n\n\n\n<li>\u30e2\u30c7\u30eb\u540d\u672a\u767a\u8868\uff1a\u30d7\u30e9\u30b0\u30a4\u30f3\u30cf\u30a4\u30d6\u30ea\u30c3\u30c9<\/li>\n<\/ul>\n\n\n\n<h2 class=\"wp-block-heading\">2023\u5e747\u67088\u65e5<\/h2>\n\n\n\n<p>\u8d85\u30ab\u30c3\u30b3\u30a4\u30a4\u65b0\u578bCLE\u30af\u30fc\u30da\uff01<\/p>\n\n\n\n<p>\u30ab\u30d6\u30ea\u30aa\u30ec\u3082\u30e9\u30a4\u30f3\u30ca\u30c3\u30d7\u3002<\/p>\n\n\n\n<blockquote class=\"twitter-tweet\"><p lang=\"en\" dir=\"ltr\">A dream car for open-air connoisseurs \u2013 the CLE Cabriolet.<br><br>Learn more about our new dream car: <a href=\"https:\/\/t.co\/8HKEQoLCxr\">https:\/\/t.co\/8HKEQoLCxr<\/a><a href=\"https:\/\/twitter.com\/hashtag\/MercedesBenz?src=hash&amp;ref_src=twsrc%5Etfw\">#MercedesBenz<\/a> <a href=\"https:\/\/twitter.com\/hashtag\/CLE?src=hash&amp;ref_src=twsrc%5Etfw\">#CLE<\/a> <a href=\"https:\/\/twitter.com\/hashtag\/Cabriolet?src=hash&amp;ref_src=twsrc%5Etfw\">#Cabriolet<\/a> <a href=\"https:\/\/t.co\/5jxQKvf00K\">pic.twitter.com\/5jxQKvf00K<\/a><\/p>&mdash; Mercedes-Benz USA\u3164 (@MercedesBenzUSA) <a href=\"https:\/\/twitter.com\/MercedesBenzUSA\/status\/1677036048528932866?ref_src=twsrc%5Etfw\">July 6, 2023<\/a><\/blockquote> <script async src=\"https:\/\/platform.twitter.com\/widgets.js\" charset=\"utf-8\"><\/script>\n\n\n\n<p>\u60c5\u5831\u3092\u307e\u3068\u3081\u305f\u30da\u30fc\u30b8\u3092\u516c\u958b\u3057\u307e\u3059\u306e\u3067\u3001\u4eca\u3057\u3070\u3089\u304f\u304a\u5f85\u3061\u304f\u3060\u3055\u3044\u3002<\/p>\n\n\n\n<p>\u5f53\u521d\u306f\u30ac\u30bd\u30ea\u30f3\u3068\u30c7\u30a3\u30fc\u30bc\u30eb\u30a8\u30f3\u30b8\u30f3\u306e\u30e9\u30a4\u30f3\u30ca\u30c3\u30d7\u3067\u3059\u304c\u3001\u30d7\u30e9\u30b0\u30a4\u30f3\u30fb\u30cf\u30a4\u30d6\u30ea\u30c3\u30c9\u3082\u9045\u308c\u3066\u51fa\u3059\u305d\u3046\u3067\u3059\u3002<\/p>\n\n\n\n<blockquote class=\"twitter-tweet\"><p lang=\"en\" dir=\"ltr\">From the front to the rear: the new CLE Coup\u00e9 is an emotional statement, no matter the perspective.<br><br>Discover more: <a href=\"https:\/\/t.co\/UjqFJwRPV0\">https:\/\/t.co\/UjqFJwRPV0<\/a><a href=\"https:\/\/twitter.com\/hashtag\/MercedesBenz?src=hash&amp;ref_src=twsrc%5Etfw\">#MercedesBenz<\/a> <a href=\"https:\/\/twitter.com\/hashtag\/CLE?src=hash&amp;ref_src=twsrc%5Etfw\">#CLE<\/a> <a href=\"https:\/\/twitter.com\/hashtag\/Coupe?src=hash&amp;ref_src=twsrc%5Etfw\">#Coupe<\/a> <a href=\"https:\/\/t.co\/PODvsOlYvl\">pic.twitter.com\/PODvsOlYvl<\/a><\/p>&mdash; Mercedes-Benz (@MercedesBenz) <a href=\"https:\/\/twitter.com\/MercedesBenz\/status\/1677256145688465412?ref_src=twsrc%5Etfw\">July 7, 2023<\/a><\/blockquote> <script async src=\"https:\/\/platform.twitter.com\/widgets.js\" charset=\"utf-8\"><\/script>\n\n\n\n<h2 class=\"wp-block-heading\">2023\u5e747\u67086\u65e5<\/h2>\n\n\n\n<p>\u30e1\u30eb\u30bb\u30c7\u30b9\u30d9\u30f3\u30c4\u306e\u65b0\u578bCLE\u30af\u30fc\u30da\u304c\u767b\u5834\uff01<\/p>\n\n\n\n<p>\u300c\u3069\u3046\u305bE\u30af\u30e9\u30b9\u306e\u30c9\u30a2\u30922\u679a\u306b\u3057\u305f\u3060\u3051\u3060\u308d\u3046\u300d\u3063\u3066\u3001\u8ab0\u3067\u3059\u304b\u3064\u307e\u3089\u306a\u3044\u60f3\u50cf\u3057\u305f\u4eba\uff1f<\/p>\n\n\n\n<p>\u306f\u3044\u3001\u79c1\u3067\u3059\u3002\u3069\u3046\u3082\u30b9\u30df\u30de\u30bb\u30f3\u3067\u3057\u305f\uff0e\uff0e\uff0e<\/p>\n\n\n\n<p>\u8d85\u304c\u4ed8\u304f\u307b\u3069\u30ab\u30c3\u30b3\u30a4\u30a4\u3058\u3083\u306a\u3044\u3067\u3057\u3087\u3046\u304b\u3002<\/p>\n\n\n\n<figure class=\"wp-block-video\"><video controls src=\"https:\/\/static.media.mercedes-benz.com\/public\/videos\/56\/56432112\/CLE%20Footage%20Design%20V2.mp4?sv=2017-11-09&amp;sr=b&amp;se=2024-07-04T12:01:02Z&amp;sp=r&amp;sig=W1YmtPqytYi44%2BxNeo%2BqPxPXKZlpYvMlSOKdwWClPTE%3D\"><\/video><\/figure>\n\n\n\n<p>\u30e1\u30eb\u30bb\u30c7\u30b9\u30d9\u30f3\u30c4\u306e\u516c\u5f0fSNS\u306e\u65b0\u578bCLE\u30af\u30fc\u30da\u306b\u3064\u3044\u3066\u306e\u6295\u7a3f\u306f\u3053\u3061\u3089\uff1a<\/p>\n\n\n\n<p>\u5c02\u7528\u30b7\u30fc\u30c8\u306b\u306f\u30b9\u30d4\u30fc\u30ab\u30fc\u3082\u57cb\u3081\u8fbc\u307e\u308c\u3066\u3044\u308b\u305d\u3046\u3067\u3059\u3002<\/p>\n\n\n\n<blockquote class=\"twitter-tweet\"><p lang=\"en\" dir=\"ltr\">The new <a href=\"https:\/\/twitter.com\/hashtag\/MercedesBenz?src=hash&amp;ref_src=twsrc%5Etfw\">#MercedesBenz<\/a> <a href=\"https:\/\/twitter.com\/hashtag\/CLE?src=hash&amp;ref_src=twsrc%5Etfw\">#CLE<\/a>\u2019s interior stands for sporty luxury with a generous sense of space including central display, KEYLESS GO and multi-contour seats. Exclusive seats in integral sports design are optionally available with integrated speakers.<br><br>More: <a href=\"https:\/\/t.co\/cN6jzi2P8G\">https:\/\/t.co\/cN6jzi2P8G<\/a> <a href=\"https:\/\/t.co\/bQuVne4CUY\">pic.twitter.com\/bQuVne4CUY<\/a><\/p>&mdash; Mercedes-Benz Press (@MB_Press) <a href=\"https:\/\/twitter.com\/MB_Press\/status\/1676618186505191425?ref_src=twsrc%5Etfw\">July 5, 2023<\/a><\/blockquote> <script async src=\"https:\/\/platform.twitter.com\/widgets.js\" charset=\"utf-8\"><\/script>\n\n\n\n<blockquote class=\"twitter-tweet\"><p lang=\"en\" dir=\"ltr\">The new <a href=\"https:\/\/twitter.com\/hashtag\/MercedesBenz?src=hash&amp;ref_src=twsrc%5Etfw\">#MercedesBenz<\/a> <a href=\"https:\/\/twitter.com\/hashtag\/CLE?src=hash&amp;ref_src=twsrc%5Etfw\">#CLE<\/a> is a classic coup\u00e9 design for a sporty, elegant appearance: Athletic coup\u00e9 proportions with a dynamic character line on the side &amp; aerodynamic front end with the &quot;shark nose&quot; and a new headlight and radiator grille design.<br><br>More: <a href=\"https:\/\/t.co\/cN6jzi2P8G\">https:\/\/t.co\/cN6jzi2P8G<\/a> <a href=\"https:\/\/t.co\/VdapxzLp0t\">pic.twitter.com\/VdapxzLp0t<\/a><\/p>&mdash; Mercedes-Benz Press (@MB_Press) <a href=\"https:\/\/twitter.com\/MB_Press\/status\/1676614412931858432?ref_src=twsrc%5Etfw\">July 5, 2023<\/a><\/blockquote> <script async src=\"https:\/\/platform.twitter.com\/widgets.js\" charset=\"utf-8\"><\/script>\n\n\n\n<p>\u3053\u308c\u304b\u3089\u3055\u3063\u305d\u304f\u8a73\u7d30\u3092\u30c1\u30a7\u30c3\u30af\u3057\u3066\u307f\u305f\u3044\u3068\u601d\u3044\u307e\u3059\u3002<\/p>\n\n\n\n<p>\u7d50\u679c\u306f\u660e\u65e5\uff01<\/p>\n\n\n\n<h2 class=\"wp-block-heading\">2023\u5e747\u67085\u65e5<\/h2>\n\n\n\n<p>\u30e1\u30eb\u30bb\u30c7\u30b9\u30d9\u30f3\u30c4\u306e\u516c\u5f0fSNS\u3067\u306f\u65b0\u578bCLE\u30af\u30fc\u30da\u306e\u30ef\u30fc\u30eb\u30c9\u30d7\u30ec\u30df\u30a2\u3092<\/p>\n\n\n\n<p>\u73fe\u5730\u6642\u9593\u306e2023\u5e747\u67085\u65e5\u5348\u5f8c5\u6642\u304b\u3089\u59cb\u3081\u308b\u3068\u544a\u77e5\u3057\u3066\u3044\u307e\u3059\u3002<\/p>\n\n\n\n<blockquote class=\"twitter-tweet\"><p lang=\"en\" dir=\"ltr\">Just one more day and the time has come: we are continuing our decades-long coup\u00e9 tradition in a special way \u2013 with a new independent model series. The new Mercedes-Benz CLE Coup\u00e9 \u2013 coming July 5, 5 p.m. CEST. <a href=\"https:\/\/twitter.com\/hashtag\/MercedesBenz?src=hash&amp;ref_src=twsrc%5Etfw\">#MercedesBenz<\/a> <a href=\"https:\/\/twitter.com\/hashtag\/CLE?src=hash&amp;ref_src=twsrc%5Etfw\">#CLE<\/a> <a href=\"https:\/\/twitter.com\/hashtag\/Coupe?src=hash&amp;ref_src=twsrc%5Etfw\">#Coupe<\/a> <a href=\"https:\/\/twitter.com\/hashtag\/Cabriolet?src=hash&amp;ref_src=twsrc%5Etfw\">#Cabriolet<\/a> <a href=\"https:\/\/t.co\/nrZ9jnoMI5\">pic.twitter.com\/nrZ9jnoMI5<\/a><\/p>&mdash; Mercedes-Benz Press (@MB_Press) <a href=\"https:\/\/twitter.com\/MB_Press\/status\/1676244479978733568?ref_src=twsrc%5Etfw\">July 4, 2023<\/a><\/blockquote> <script async src=\"https:\/\/platform.twitter.com\/widgets.js\" charset=\"utf-8\"><\/script>\n\n\n\n<blockquote class=\"twitter-tweet\"><p lang=\"en\" dir=\"ltr\">An emotional statement, from any perspective.<br>The new CLE Coup\u00e9 \u2013 coming July 5, 5 p.m. CEST.<a href=\"https:\/\/twitter.com\/hashtag\/MercedesBenz?src=hash&amp;ref_src=twsrc%5Etfw\">#MercedesBenz<\/a> <a href=\"https:\/\/twitter.com\/hashtag\/CLE?src=hash&amp;ref_src=twsrc%5Etfw\">#CLE<\/a> <a href=\"https:\/\/twitter.com\/hashtag\/Coupe?src=hash&amp;ref_src=twsrc%5Etfw\">#Coupe<\/a> <a href=\"https:\/\/t.co\/lOwV2oe3XX\">pic.twitter.com\/lOwV2oe3XX<\/a><\/p>&mdash; Mercedes-Benz (@MercedesBenz) <a href=\"https:\/\/twitter.com\/MercedesBenz\/status\/1676249634342154242?ref_src=twsrc%5Etfw\">July 4, 2023<\/a><\/blockquote> <script async src=\"https:\/\/platform.twitter.com\/widgets.js\" charset=\"utf-8\"><\/script>\n\n\n\n<p>\u4eca\u306e\u3068\u3053\u308d\u516c\u5f0f\u30b5\u30a4\u30c8\u3067\u306f\u60c5\u5831\u306a\u3044\u306e\u3067\u3059\u304c\u30a4\u30a4\u3093\u3067\u3059\u304b\u306d\uff1f<\/p>\n\n\n\n<p><a href=\"https:\/\/www.mercedes-benz.com\/en\/vehicles\/\" target=\"_blank\" rel=\"noreferrer noopener\">https:\/\/www.mercedes-benz.com\/en\/vehicles\/<\/a><\/p>\n\n\n\n<h2 class=\"wp-block-heading\">2023\u5e747\u67084\u65e5<\/h2>\n\n\n\n<p>\u307b\u3068\u3093\u3069\u540c\u3058\u5185\u5bb9\u306e\u6295\u7a3f\u304c\u3055\u308c\u308b\u3053\u3068\u304c\u306a\u3044\u30c9\u30a4\u30c4\u3068\u30d5\u30e9\u30f3\u30b9\u3002<\/p>\n\n\n\n<p>\u4eca\u65e5\u306f\u8cb4\u91cd\u306a\u540c\u4e00\u6295\u7a3f\u3067EQE\u3002<\/p>\n\n\n\n<p>\u3067\u3082\u30c4\u30a4\u30fc\u30c8\u306e\u30cb\u30e5\u30a2\u30f3\u30b9\u304c\u5fae\u5999\u306b\u9055\u3046\u3068\u3044\u3046\u306e\u3082\u4e00\u8208\uff01<\/p>\n\n\n\n<p>\u3053\u3061\u3089\u306f\u30c9\u30a4\u30c4\uff1a<\/p>\n\n\n\n<p>Taucht mit dem vollelektrischen #EQE in MANUFAKTUR opalithwei\u00df bright in die lebhafte Sommeratmosph\u00e4re ein.<\/p>\n\n\n\n<p class=\"has-vivid-cyan-blue-color has-text-color\">\u5b8c\u5168\u306aEV\u3067\u3042\u308b\u30d1\u30fc\u30eb\u30db\u30ef\u30a4\u30c8\u306eEQE\u3067\u660e\u308b\u3044\u590f\u306b\u3069\u3063\u3077\u308a\u6d78\u304b\u3063\u3066\u697d\u3057\u307f\u307e\u3057\u3087\u3046\uff01<\/p>\n\n\n\n<blockquote class=\"twitter-tweet\"><p lang=\"de\" dir=\"ltr\">Taucht mit dem vollelektrischen <a href=\"https:\/\/twitter.com\/hashtag\/EQE?src=hash&amp;ref_src=twsrc%5Etfw\">#EQE<\/a> in MANUFAKTUR opalithwei\u00df bright in die lebhafte Sommeratmosph\u00e4re ein. \u2600\ufe0f <br><br>Ihr wollt weitere Funktionen entdecken? <br>Klickt hier: \ud83d\udc49 <a href=\"https:\/\/t.co\/mdRykepwVD\">https:\/\/t.co\/mdRykepwVD<\/a> <a href=\"https:\/\/t.co\/GEXLqzr9iI\">pic.twitter.com\/GEXLqzr9iI<\/a><\/p>&mdash; Mercedes-Benz Deutschland (@MercedesBenz_DE) <a href=\"https:\/\/twitter.com\/MercedesBenz_DE\/status\/1675746326837862402?ref_src=twsrc%5Etfw\">July 3, 2023<\/a><\/blockquote> <script async src=\"https:\/\/platform.twitter.com\/widgets.js\" charset=\"utf-8\"><\/script>\n\n\n\n<p>\u3053\u3061\u3089\u306f\u30d5\u30e9\u30f3\u30b9\uff1a<\/p>\n\n\n\n<p>Profitez de l&#8217;atmosph\u00e8re estivale avec l&#8217;\u00e9l\u00e9gant EQE 100% \u00e9lectrique et son coloris Blanc opale brillant.<\/p>\n\n\n\n<p class=\"has-vivid-cyan-blue-color has-text-color\">\u30a8\u30ec\u30ac\u30f3\u30c8\u306a100\uff05EV\u3067\u5149\u6ca2\u3042\u308b\u30d1\u30fc\u30eb\u30db\u30ef\u30a4\u30c8\u306eEQE\u3067\u3001\u590f\u306e\u96f0\u56f2\u6c17\u3092\u6e80\u55ab\u3057\u307e\u3057\u3087\u3046\uff01<\/p>\n\n\n\n<blockquote class=\"twitter-tweet\"><p lang=\"fr\" dir=\"ltr\">Profitez de l&#39;atmosph\u00e8re estivale avec l&#39;\u00e9l\u00e9gant EQE 100% \u00e9lectrique et son coloris Blanc opale brillant. \u2600\ufe0f <a href=\"https:\/\/t.co\/JHPsEBgWJn\">https:\/\/t.co\/JHPsEBgWJn<\/a><a href=\"https:\/\/twitter.com\/hashtag\/MercedesBenz?src=hash&amp;ref_src=twsrc%5Etfw\">#MercedesBenz<\/a> <a href=\"https:\/\/twitter.com\/hashtag\/EQE?src=hash&amp;ref_src=twsrc%5Etfw\">#EQE<\/a> <br>Pour les trajets courts, privil\u00e9giez la marche ou le v\u00e9lo. <a href=\"https:\/\/twitter.com\/hashtag\/SeD%C3%A9placerMoinsPolluer?src=hash&amp;ref_src=twsrc%5Etfw\">#SeD\u00e9placerMoinsPolluer<\/a> <a href=\"https:\/\/t.co\/6DDoR8TcEE\">pic.twitter.com\/6DDoR8TcEE<\/a><\/p>&mdash; Mercedes-Benz France (@MBFRANCE_) <a href=\"https:\/\/twitter.com\/MBFRANCE_\/status\/1675444212014227458?ref_src=twsrc%5Etfw\">July 2, 2023<\/a><\/blockquote> <script async src=\"https:\/\/platform.twitter.com\/widgets.js\" charset=\"utf-8\"><\/script>\n\n\n\n<h2 class=\"wp-block-heading\">2023\u5e747\u67082\u65e5<\/h2>\n\n\n\n<p>\u30e1\u30eb\u30bb\u30c7\u30b9\u30d9\u30f3\u30c4\uff08\u30a2\u30e1\u30ea\u30ab\uff09\u306e\u516c\u5f0fSNS\u306fEQ\u30b7\u30ea\u30fc\u30ba\u306e\u30a4\u30e1\u30fc\u30b8\u52d5\u753b\u3092\u6628\u65e5\u304b\u3089\u9023\u6295\u3057\u3066\u3044\u307e\u3059\u3002<\/p>\n\n\n\n<p>\u672c\u65e5\u30822\u4ef6\uff01<\/p>\n\n\n\n<p>\u3061\u306a\u307f\u306b\u30e1\u30eb\u30bb\u30c7\u30b9\u30d9\u30f3\u30c4\u672c\u90e8\u3084\u5e83\u5831\u3001\u30a4\u30ae\u30ea\u30b9\u3084\u30d5\u30e9\u30f3\u30b9\u3001\u30c9\u30a4\u30c4\u3082\u3053\u306e\u52d5\u753b\u6295\u7a3f\u306f\u3057\u3066\u3044\u307e\u305b\u3093\u3002<\/p>\n\n\n\n<p>Electric elegance \u2013 purified.<\/p>\n\n\n\n<p>\u6392\u51fa\u30ac\u30b9\u304c\u306a\u3044\u3068\u3044\u3046\u3053\u3068\u306b\u3064\u3044\u3066\u3002<\/p>\n\n\n\n<blockquote class=\"twitter-tweet\"><p lang=\"es\" dir=\"ltr\">Electric elegance \u2013 purified.<a href=\"https:\/\/twitter.com\/hashtag\/MercedesBenz?src=hash&amp;ref_src=twsrc%5Etfw\">#MercedesBenz<\/a> <a href=\"https:\/\/twitter.com\/hashtag\/Electric?src=hash&amp;ref_src=twsrc%5Etfw\">#Electric<\/a> <a href=\"https:\/\/twitter.com\/hashtag\/ElectrifyYourSenses?src=hash&amp;ref_src=twsrc%5Etfw\">#ElectrifyYourSenses<\/a> <a href=\"https:\/\/t.co\/fyVbgNJvPx\">pic.twitter.com\/fyVbgNJvPx<\/a><\/p>&mdash; Mercedes-Benz USA\u3164 (@MercedesBenzUSA) <a href=\"https:\/\/twitter.com\/MercedesBenzUSA\/status\/1675561896127209472?ref_src=twsrc%5Etfw\">July 2, 2023<\/a><\/blockquote> <script async src=\"https:\/\/platform.twitter.com\/widgets.js\" charset=\"utf-8\"><\/script>\n\n\n\n<p>More than a drop of intuitive innovation.<\/p>\n\n\n\n<p>\u76f4\u611f\u7684\u306a\u30bf\u30c3\u30c1\u64cd\u4f5c\u306b\u3064\u3044\u3066\u3002<\/p>\n\n\n\n<blockquote class=\"twitter-tweet\"><p lang=\"en\" dir=\"ltr\">More than a drop of intuitive innovation.<a href=\"https:\/\/twitter.com\/hashtag\/MercedesBenz?src=hash&amp;ref_src=twsrc%5Etfw\">#MercedesBenz<\/a> <a href=\"https:\/\/twitter.com\/hashtag\/Electric?src=hash&amp;ref_src=twsrc%5Etfw\">#Electric<\/a> <a href=\"https:\/\/twitter.com\/hashtag\/ElectrifyYourSenses?src=hash&amp;ref_src=twsrc%5Etfw\">#ElectrifyYourSenses<\/a> <a href=\"https:\/\/t.co\/vZf91q5H40\">pic.twitter.com\/vZf91q5H40<\/a><\/p>&mdash; Mercedes-Benz USA\u3164 (@MercedesBenzUSA) <a href=\"https:\/\/twitter.com\/MercedesBenzUSA\/status\/1675499421981712384?ref_src=twsrc%5Etfw\">July 2, 2023<\/a><\/blockquote> <script async src=\"https:\/\/platform.twitter.com\/widgets.js\" charset=\"utf-8\"><\/script>\n\n\n\n<h2 class=\"wp-block-heading\">2023\u5e747\u67081\u65e5<\/h2>\n\n\n\n<p>\u30e1\u30eb\u30bb\u30c7\u30b9\u30d9\u30f3\u30c4\uff08\u30a2\u30e1\u30ea\u30ab\uff09\u306e\u516c\u5f0fSNS\u306fEQ\u30b7\u30ea\u30fc\u30ba\u306e\u30a4\u30e1\u30fc\u30b8\u52d5\u753b\u3092\u9023\u6295\u3057\u3066\u3044\u307e\u3059\u3002<\/p>\n\n\n\n<p>New dimensions of unmatched audio.<\/p>\n\n\n\n<p>\u65b0\u6b21\u5143\u306e\u8eca\u5185\u30aa\u30fc\u30c7\u30a3\u30aa\u306b\u3064\u3044\u3066\u3002<\/p>\n\n\n\n<blockquote class=\"twitter-tweet\"><p lang=\"en\" dir=\"ltr\">New dimensions of unmatched audio.<a href=\"https:\/\/twitter.com\/hashtag\/MercedesBenz?src=hash&amp;ref_src=twsrc%5Etfw\">#MercedesBenz<\/a> <a href=\"https:\/\/twitter.com\/hashtag\/Electric?src=hash&amp;ref_src=twsrc%5Etfw\">#Electric<\/a> <a href=\"https:\/\/twitter.com\/hashtag\/ElectrifyYourSenses?src=hash&amp;ref_src=twsrc%5Etfw\">#ElectrifyYourSenses<\/a> <a href=\"https:\/\/t.co\/f5kHb9iwUl\">pic.twitter.com\/f5kHb9iwUl<\/a><\/p>&mdash; Mercedes-Benz USA\u3164 (@MercedesBenzUSA) <a href=\"https:\/\/twitter.com\/MercedesBenzUSA\/status\/1675270718399889408?ref_src=twsrc%5Etfw\">July 1, 2023<\/a><\/blockquote> <script async src=\"https:\/\/platform.twitter.com\/widgets.js\" charset=\"utf-8\"><\/script>\n\n\n\n<p>Streamlined design. Electric appearance.<\/p>\n\n\n\n<p>\u3053\u3061\u3089\u306f\u6d41\u9e97\u306a\u30d5\u30a9\u30eb\u30e0\uff08\u5916\u89b3\uff09\u306b\u3064\u3044\u3066\u3002<\/p>\n\n\n\n<blockquote class=\"twitter-tweet\"><p lang=\"en\" dir=\"ltr\">Streamlined design. Electric appearance.<a href=\"https:\/\/twitter.com\/hashtag\/MercedesBenz?src=hash&amp;ref_src=twsrc%5Etfw\">#MercedesBenz<\/a> <a href=\"https:\/\/twitter.com\/hashtag\/Electric?src=hash&amp;ref_src=twsrc%5Etfw\">#Electric<\/a> <a href=\"https:\/\/twitter.com\/hashtag\/ElectrifyYourSenses?src=hash&amp;ref_src=twsrc%5Etfw\">#ElectrifyYourSenses<\/a> <a href=\"https:\/\/t.co\/6QH1OSHs0s\">pic.twitter.com\/6QH1OSHs0s<\/a><\/p>&mdash; Mercedes-Benz USA\u3164 (@MercedesBenzUSA) <a href=\"https:\/\/twitter.com\/MercedesBenzUSA\/status\/1675220584500789249?ref_src=twsrc%5Etfw\">July 1, 2023<\/a><\/blockquote> <script async src=\"https:\/\/platform.twitter.com\/widgets.js\" charset=\"utf-8\"><\/script>\n\n\n\n<p>Relaxation reaches energizing new heights.<\/p>\n\n\n\n<p>\u3053\u3061\u3089\u306fEQ\u3068\u30ea\u30e9\u30af\u30bc\u30fc\u30b7\u30e7\u30f3\u306b\u3064\u3044\u3066\u3002<\/p>\n\n\n\n<p>\u3061\u3087\u3063\u3068\u30ea\u30fc\u30c9\u3057\u305f\u3044\u610f\u5473\u304c\u96e3\u3057\u3044\u3067\u3059\u304c\u3001\u30b7\u30fc\u30c8\u306e\u30de\u30c3\u30b5\u30fc\u30b8\u6a5f\u80fd\u3092\u8a00\u3063\u3066\u3044\u308b\u3088\u3046\u3067\u3059\u3002<\/p>\n\n\n\n<blockquote class=\"twitter-tweet\"><p lang=\"en\" dir=\"ltr\">Relaxation reaches energizing new heights.<a href=\"https:\/\/twitter.com\/hashtag\/MercedesBenz?src=hash&amp;ref_src=twsrc%5Etfw\">#MercedesBenz<\/a> <a href=\"https:\/\/twitter.com\/hashtag\/Electric?src=hash&amp;ref_src=twsrc%5Etfw\">#Electric<\/a> <a href=\"https:\/\/twitter.com\/hashtag\/ElectrifyYourSenses?src=hash&amp;ref_src=twsrc%5Etfw\">#ElectrifyYourSenses<\/a> <a href=\"https:\/\/t.co\/BD5GRim19P\">pic.twitter.com\/BD5GRim19P<\/a><\/p>&mdash; Mercedes-Benz USA\u3164 (@MercedesBenzUSA) <a href=\"https:\/\/twitter.com\/MercedesBenzUSA\/status\/1675197180859039744?ref_src=twsrc%5Etfw\">July 1, 2023<\/a><\/blockquote> <script async src=\"https:\/\/platform.twitter.com\/widgets.js\" charset=\"utf-8\"><\/script>\n","protected":false},"excerpt":{"rendered":"<p>\u30e1\u30eb\u30bb\u30c7\u30b9\u30fb\u30d9\u30f3\u30c4\u306e\u4e16\u754c\u5404\u56fd\u306e\u516c\u5f0f\u30b5\u30a4\u30c8\u3001\u516c\u5f0fSNS\u3088\u308a\u6700\u65b0\u60c5\u5831\u3092\u307e\u3068\u3081\u3066\u3044\u307e\u3059\u3002 \u304a\u3082\u306b\u65b0\u578b\u30e2\u30c7\u30eb\u306e\u6b27\u7c73\u4ed5\u69d8\u3068\u65e5\u672c\u4ed5\u69d8\u306e\u9055\u3044\u3092\u4e2d\u5fc3\u306b\u63b2\u8f09,\u3001\u8ffd\u8a18\u30fb\u66f4\u65b0\u4e88\u5b9a\u3067\u3059\u3002 2023\u5e747\u670830\u65e5 \u30e1\u30eb\u30bb\u30c7\u30b9\u30d9\u30f3\u30c4\uff08\u5e83\u5831\uff09\u306e\u516c\u5f0fSN&#8230;<\/p>\n","protected":false},"author":1,"featured_media":137,"comment_status":"closed","ping_status":"open","sticky":false,"template":"","format":"standard","meta":{"footnotes":""},"categories":[144,90,107],"tags":[102,111,110,109],"class_list":{"0":"post-1424","1":"post","2":"type-post","3":"status-publish","4":"format-standard","5":"has-post-thumbnail","7":"category-144","8":"category-90","9":"category-107","10":"tag-102","11":"tag-sns","12":"tag-110","13":"tag-109","14":"article cf"},"_links":{"self":[{"href":"https:\/\/mercedes-benz-cla.kyoto-svp.com\/index.php?rest_route=\/wp\/v2\/posts\/1424","targetHints":{"allow":["GET"]}}],"collection":[{"href":"https:\/\/mercedes-benz-cla.kyoto-svp.com\/index.php?rest_route=\/wp\/v2\/posts"}],"about":[{"href":"https:\/\/mercedes-benz-cla.kyoto-svp.com\/index.php?rest_route=\/wp\/v2\/types\/post"}],"author":[{"embeddable":true,"href":"https:\/\/mercedes-benz-cla.kyoto-svp.com\/index.php?rest_route=\/wp\/v2\/users\/1"}],"replies":[{"embeddable":true,"href":"https:\/\/mercedes-benz-cla.kyoto-svp.com\/index.php?rest_route=%2Fwp%2Fv2%2Fcomments&post=1424"}],"version-history":[{"count":30,"href":"https:\/\/mercedes-benz-cla.kyoto-svp.com\/index.php?rest_route=\/wp\/v2\/posts\/1424\/revisions"}],"predecessor-version":[{"id":1480,"href":"https:\/\/mercedes-benz-cla.kyoto-svp.com\/index.php?rest_route=\/wp\/v2\/posts\/1424\/revisions\/1480"}],"wp:featuredmedia":[{"embeddable":true,"href":"https:\/\/mercedes-benz-cla.kyoto-svp.com\/index.php?rest_route=\/wp\/v2\/media\/137"}],"wp:attachment":[{"href":"https:\/\/mercedes-benz-cla.kyoto-svp.com\/index.php?rest_route=%2Fwp%2Fv2%2Fmedia&parent=1424"}],"wp:term":[{"taxonomy":"category","embeddable":true,"href":"https:\/\/mercedes-benz-cla.kyoto-svp.com\/index.php?rest_route=%2Fwp%2Fv2%2Fcategories&post=1424"},{"taxonomy":"post_tag","embeddable":true,"href":"https:\/\/mercedes-benz-cla.kyoto-svp.com\/index.php?rest_route=%2Fwp%2Fv2%2Ftags&post=1424"}],"curies":[{"name":"wp","href":"https:\/\/api.w.org\/{rel}","templated":true}]}}