{"id":2289,"date":"2024-04-30T19:56:52","date_gmt":"2024-04-30T10:56:52","guid":{"rendered":"https:\/\/mercedes-benz-cla.kyoto-svp.com\/?p=2289"},"modified":"2024-04-30T21:25:13","modified_gmt":"2024-04-30T12:25:13","slug":"2024%e5%b9%b45%e6%9c%88-%e3%83%a1%e3%83%ab%e3%82%bb%e3%83%87%e3%82%b9%e3%83%bb%e3%83%99%e3%83%b3%e3%83%84%e6%9c%80%e6%96%b0%e6%83%85%e5%a0%b1%e3%80%90%e5%85%ac%e5%bc%8f%e3%82%b5%e3%82%a4%e3%83%88","status":"publish","type":"post","link":"https:\/\/mercedes-benz-cla.kyoto-svp.com\/?p=2289","title":{"rendered":"2024\u5e745\u6708 \u30e1\u30eb\u30bb\u30c7\u30b9\u30fb\u30d9\u30f3\u30c4\u6700\u65b0\u60c5\u5831\u3010\u516c\u5f0f\u30b5\u30a4\u30c8\u3011"},"content":{"rendered":"\n<p>\u30e1\u30eb\u30bb\u30c7\u30b9\u30fb\u30d9\u30f3\u30c4\u306e\u4e16\u754c\u5404\u56fd\u306e\u516c\u5f0f\u30b5\u30a4\u30c8\u3001\u516c\u5f0fSNS\u3088\u308a\u6700\u65b0\u60c5\u5831\u3092\u307e\u3068\u3081\u3066\u3044\u307e\u3059\u3002<\/p>\n\n\n\n<p>\u304a\u3082\u306b\u65b0\u578b\u30e2\u30c7\u30eb\u306e\u6b27\u7c73\u4ed5\u69d8\u3068\u65e5\u672c\u4ed5\u69d8\u306e\u9055\u3044\u3092\u4e2d\u5fc3\u306b\u63b2\u8f09,\u3001\u8ffd\u8a18\u30fb\u66f4\u65b0\u4e88\u5b9a\u3067\u3059\u3002<\/p>\n\n\n\n<hr class=\"wp-block-separator has-alpha-channel-opacity\"\/>\n\n\n\n<h2 class=\"wp-block-heading\">2024\u5e745\u67081\u65e5<\/h2>\n\n\n\n<p>5\u6708\u306f\u885d\u6483\u306eG\u30af\u30e9\u30b9\u65b0\u30e2\u30c7\u30eb\u304b\u3089\u59cb\u307e\u308a\u307e\u3059\uff01<\/p>\n\n\n\n<p>\u30e1\u30eb\u30bb\u30c7\u30b9\u30d9\u30f3\u30c4\uff08\u65e5\u672c\uff09\u304c\u300cThe all-new G 580 with EQ Technology\u300d\u306b\u3064\u3044\u3066\u6295\u7a3f\u3057\u3066\u3044\u307e\u3059\u3002<\/p>\n\n\n\n<blockquote class=\"twitter-tweet\"><p lang=\"ja\" dir=\"ltr\">\u65b0\u578bG\u30af\u30e9\u30b9\u96fb\u6c17\u81ea\u52d5\u8eca\u30e2\u30c7\u30eb\u306e\u30ef\u30fc\u30eb\u30c9\u30d7\u30ec\u30df\u30a2\u3092\u8a18\u5ff5\u3057\u3066\u3001\u30a2\u30e1\u30ea\u30ab\u3001\u30ed\u30b5\u30f3\u30bc\u30eb\u30b9\u3067\u958b\u50ac\u3055\u308c\u305f\u30a4\u30d9\u30f3\u30c8\u306e\u69d8\u5b50\u3092\u304a\u5c4a\u3051\u3002<br><br>\u203b\u52d5\u753b\u5185\u306e\u8eca\u4e21\u306f\u6b27\u5dde\u4ed5\u69d8\u3002\u65e5\u672c\u4ed5\u69d8\u3068\u7570\u306a\u308b\u5834\u5408\u304c\u3042\u308a\u307e\u3059\u3002 <a href=\"https:\/\/t.co\/oGZQwDqZXg\">https:\/\/t.co\/oGZQwDqZXg<\/a><\/p>&mdash; \u30e1\u30eb\u30bb\u30c7\u30b9\u30fb\u30d9\u30f3\u30c4\u65e5\u672c\/Mercedes-Benz Japan (@MercedesBenz_JP) <a href=\"https:\/\/twitter.com\/MercedesBenz_JP\/status\/1783405586039673196?ref_src=twsrc%5Etfw\">April 25, 2024<\/a><\/blockquote> <script async src=\"https:\/\/platform.twitter.com\/widgets.js\" charset=\"utf-8\"><\/script>\n\n\n\n<blockquote class=\"twitter-tweet\"><p lang=\"ja\" dir=\"ltr\">The Rise of Electric:<br>G\u30af\u30e9\u30b9\u306e\u96fb\u6c17\u81ea\u52d5\u8eca\u201dThe all-new G 580 with EQ Technology\u201d\u304c\u30ef\u30fc\u30eb\u30c9\u30d7\u30ec\u30df\u30a2\u3068\u306a\u308a\u307e\u3057\u305f\u3002<a href=\"https:\/\/twitter.com\/hashtag\/TheGel%C3%A4ndewagen?src=hash&amp;ref_src=twsrc%5Etfw\">#TheGel\u00e4ndewagen<\/a> <a href=\"https:\/\/twitter.com\/hashtag\/G580?src=hash&amp;ref_src=twsrc%5Etfw\">#G580<\/a> <a href=\"https:\/\/twitter.com\/hashtag\/GClass?src=hash&amp;ref_src=twsrc%5Etfw\">#GClass<\/a> <a href=\"https:\/\/twitter.com\/hashtag\/MercedesBenz?src=hash&amp;ref_src=twsrc%5Etfw\">#MercedesBenz<\/a> <br><br>\u203b\u8eca\u4e21\u753b\u50cf\u306f\u30c9\u30a4\u30c4\u672c\u793e\u304c\u767a\u8868\u3057\u305f\u6b27\u5dde\u4ed5\u69d8\u3067\u3042\u308a\u3001\u65e5\u672c\u4ed5\u69d8\u3068\u7570\u306a\u308b\u5834\u5408\u304c\u3042\u308a\u307e\u3059\u3002 <a href=\"https:\/\/t.co\/RNS0sBVV1Z\">pic.twitter.com\/RNS0sBVV1Z<\/a><\/p>&mdash; \u30e1\u30eb\u30bb\u30c7\u30b9\u30fb\u30d9\u30f3\u30c4\u65e5\u672c\/Mercedes-Benz Japan (@MercedesBenz_JP) <a href=\"https:\/\/twitter.com\/MercedesBenz_JP\/status\/1783375410538910072?ref_src=twsrc%5Etfw\">April 25, 2024<\/a><\/blockquote> <script async src=\"https:\/\/platform.twitter.com\/widgets.js\" charset=\"utf-8\"><\/script>\n\n\n\n<p>\u3053\u306e\u30b2\u30ec\u30f3\u30c7\uff08G\u30af\u30e9\u30b9\uff09\u306e\u65b0\u30e2\u30c7\u30eb\u300cG 580\u300d\u306f\u300c\u30b3\u30f3\u30bb\u30d7\u30c8EQG\u300d\u306e\u5e02\u8ca9\u5316\u3067\u306f\u3042\u308a\u307e\u305b\u3093\u3002<\/p>\n\n\n\n<p>\u30e2\u30c7\u30eb\u540d\u306b\u300c with EQ Technology\u300d\u3068\u4ed8\u3044\u3066\u3044\u308b\u3088\u3046\u306b\u73fe\u884cG\u30af\u30e9\u30b9\u306b\u8ffd\u52a0\u3055\u308c\u305f\u30e2\u30c7\u30eb\u3067\u3059\u3002<\/p>\n\n\n\n<p>\u3053\u308c\u3001\u8efd\u4e95\u6ca2\u3068\u304b\u306b\u4f3c\u5408\u3044\u305d\u3046\u3002<\/p>\n\n\n\n<p>\u304a\u6d12\u843d\u3067\u3059\u306d\u3047\u3001\u4eba\u6c17\u304c\u3042\u308b\u306e\u3082\u308f\u304b\u308a\u307e\u3059\u30cd\u3002<\/p>\n\n\n\n<p>\u30d7\u30ec\u30bc\u30f3\u52d5\u753b\u306f\u3053\u3061\u3089\uff08\u82f1\u8a9e\u3067\u3059\u304c\uff09\uff1a<\/p>\n\n\n\n<iframe loading=\"lazy\" width=\"765\" height=\"430\" src=\"https:\/\/www.youtube.com\/embed\/STZiMs82CG8\" title=\"The all-new electric G-Class | Walkaround\" frameborder=\"0\" allow=\"accelerometer; autoplay; clipboard-write; encrypted-media; gyroscope; picture-in-picture; web-share\" referrerpolicy=\"strict-origin-when-cross-origin\" allowfullscreen><\/iframe>\n\n\n\n<p>\u30e1\u30eb\u30bb\u30c7\u30b9\u30d9\u30f3\u30c4\uff08\u30c9\u30a4\u30c4\uff09\u306e\u516c\u5f0fSNS\uff1a<\/p>\n\n\n\n<blockquote class=\"twitter-tweet\"><p lang=\"de\" dir=\"ltr\">Ein legend\u00e4res Fahrzeug verdient nichts Geringeres als eine epische Enth\u00fcllung auf einer eigenen Event-Show im Pekinger Art District 798. <br><br>Lernt den Gel\u00e4ndewagen kennen. Elektrifiziert.<a href=\"https:\/\/twitter.com\/hashtag\/MercedesBenz?src=hash&amp;ref_src=twsrc%5Etfw\">#MercedesBenz<\/a> <a href=\"https:\/\/twitter.com\/hashtag\/GClass?src=hash&amp;ref_src=twsrc%5Etfw\">#GClass<\/a> <a href=\"https:\/\/twitter.com\/hashtag\/ElectricGClass?src=hash&amp;ref_src=twsrc%5Etfw\">#ElectricGClass<\/a> <a href=\"https:\/\/t.co\/MEV6y141eB\">pic.twitter.com\/MEV6y141eB<\/a><\/p>&mdash; Mercedes-Benz Deutschland (@MercedesBenz_DE) <a href=\"https:\/\/twitter.com\/MercedesBenz_DE\/status\/1785247725463695745?ref_src=twsrc%5Etfw\">April 30, 2024<\/a><\/blockquote> <script async src=\"https:\/\/platform.twitter.com\/widgets.js\" charset=\"utf-8\"><\/script>\n","protected":false},"excerpt":{"rendered":"<p>\u30e1\u30eb\u30bb\u30c7\u30b9\u30fb\u30d9\u30f3\u30c4\u306e\u4e16\u754c\u5404\u56fd\u306e\u516c\u5f0f\u30b5\u30a4\u30c8\u3001\u516c\u5f0fSNS\u3088\u308a\u6700\u65b0\u60c5\u5831\u3092\u307e\u3068\u3081\u3066\u3044\u307e\u3059\u3002 \u304a\u3082\u306b\u65b0\u578b\u30e2\u30c7\u30eb\u306e\u6b27\u7c73\u4ed5\u69d8\u3068\u65e5\u672c\u4ed5\u69d8\u306e\u9055\u3044\u3092\u4e2d\u5fc3\u306b\u63b2\u8f09,\u3001\u8ffd\u8a18\u30fb\u66f4\u65b0\u4e88\u5b9a\u3067\u3059\u3002 2024\u5e745\u67081\u65e5 5\u6708\u306f\u885d\u6483\u306eG\u30af\u30e9\u30b9\u65b0\u30e2\u30c7\u30eb\u304b\u3089\u59cb\u307e&#8230;<\/p>\n","protected":false},"author":1,"featured_media":97,"comment_status":"closed","ping_status":"open","sticky":false,"template":"","format":"standard","meta":{"footnotes":""},"categories":[161,90],"tags":[162,149,111,110],"class_list":{"0":"post-2289","1":"post","2":"type-post","3":"status-publish","4":"format-standard","5":"has-post-thumbnail","7":"category-161","8":"category-90","9":"tag-162","10":"tag-149","11":"tag-sns","12":"tag-110","13":"article cf"},"_links":{"self":[{"href":"https:\/\/mercedes-benz-cla.kyoto-svp.com\/index.php?rest_route=\/wp\/v2\/posts\/2289","targetHints":{"allow":["GET"]}}],"collection":[{"href":"https:\/\/mercedes-benz-cla.kyoto-svp.com\/index.php?rest_route=\/wp\/v2\/posts"}],"about":[{"href":"https:\/\/mercedes-benz-cla.kyoto-svp.com\/index.php?rest_route=\/wp\/v2\/types\/post"}],"author":[{"embeddable":true,"href":"https:\/\/mercedes-benz-cla.kyoto-svp.com\/index.php?rest_route=\/wp\/v2\/users\/1"}],"replies":[{"embeddable":true,"href":"https:\/\/mercedes-benz-cla.kyoto-svp.com\/index.php?rest_route=%2Fwp%2Fv2%2Fcomments&post=2289"}],"version-history":[{"count":3,"href":"https:\/\/mercedes-benz-cla.kyoto-svp.com\/index.php?rest_route=\/wp\/v2\/posts\/2289\/revisions"}],"predecessor-version":[{"id":2305,"href":"https:\/\/mercedes-benz-cla.kyoto-svp.com\/index.php?rest_route=\/wp\/v2\/posts\/2289\/revisions\/2305"}],"wp:featuredmedia":[{"embeddable":true,"href":"https:\/\/mercedes-benz-cla.kyoto-svp.com\/index.php?rest_route=\/wp\/v2\/media\/97"}],"wp:attachment":[{"href":"https:\/\/mercedes-benz-cla.kyoto-svp.com\/index.php?rest_route=%2Fwp%2Fv2%2Fmedia&parent=2289"}],"wp:term":[{"taxonomy":"category","embeddable":true,"href":"https:\/\/mercedes-benz-cla.kyoto-svp.com\/index.php?rest_route=%2Fwp%2Fv2%2Fcategories&post=2289"},{"taxonomy":"post_tag","embeddable":true,"href":"https:\/\/mercedes-benz-cla.kyoto-svp.com\/index.php?rest_route=%2Fwp%2Fv2%2Ftags&post=2289"}],"curies":[{"name":"wp","href":"https:\/\/api.w.org\/{rel}","templated":true}]}}