{"id":809,"date":"2023-02-02T12:06:46","date_gmt":"2023-02-02T03:06:46","guid":{"rendered":"https:\/\/mercedes-benz-cla.kyoto-svp.com\/?p=809"},"modified":"2023-02-21T08:52:19","modified_gmt":"2023-02-20T23:52:19","slug":"%e8%b6%85%e9%80%9f%e5%a0%b1%ef%bc%81cla%e3%83%a2%e3%83%87%e3%83%ab%e3%83%81%e3%82%a7%e3%83%b3%e3%82%b8","status":"publish","type":"post","link":"https:\/\/mercedes-benz-cla.kyoto-svp.com\/?p=809","title":{"rendered":"\u8d85\u901f\u5831\uff01CLA\u30e2\u30c7\u30eb\u30c1\u30a7\u30f3\u30b8"},"content":{"rendered":"\n<p class=\"has-vivid-red-color has-text-color\">2023\u5e742\u6708\u4e0a\u65ec\u6642\u70b9\u3067\u306e\u30c9\u30a4\u30c4\u672c\u793e\u306e\u516c\u5f0f\u30b5\u30a4\u30c8\u3092\u3082\u3068\u306b\u65e5\u672c\u8a9e\u5316\u3057\u3066\u3044\u307e\u3059\u3002<\/p>\n\n\n\n<p class=\"has-vivid-red-color has-text-color\">\u548c\u8a33\u306f\u53c2\u8003\u306e\u305f\u3081\u3067\u3042\u308a\u3001\u3044\u304b\u306a\u308b\u8cac\u4efb\u3082\u8ca0\u3044\u304b\u306d\u307e\u3059\u306e\u3067\u4e88\u3081\u3054\u4e86\u627f\u304f\u3060\u3055\u3044\u3002<\/p>\n\n\n\n<p class=\"has-vivid-red-color has-text-color\">\u307e\u305f\u672c\u30b5\u30a4\u30c8\u306e\u753b\u50cf\u306f\u89e3\u50cf\u5ea6\u30fb\u8868\u793a\u8272\u6570\u3092\u4e0b\u3052\u3066\u3044\u307e\u3059\u306e\u3067\u5b9f\u8eca\u306e\u3082\u306e\u3068\u306f\u7570\u306a\u308a\u307e\u3059\u3002<\/p>\n\n\n\n<p class=\"has-vivid-red-color has-text-color\">\u51fa\u5178\u306f\u3053\u3061\u3089\u306b\u306a\u308a\u307e\u3059\uff1a<\/p>\n\n\n\n<p><a rel=\"noreferrer noopener\" href=\"https:\/\/www.mercedes-benz.de\/passengercars\/models\/coupe\/new\/cla.html#highlights\" target=\"_blank\">\u2063CLA Coup\u00e9 | Mercedes-Benz<\/a><\/p>\n\n\n\n<p class=\"has-vivid-red-color has-text-color\">\u753b\u50cf\u304a\u3088\u3073\u6570\u5024\u3092\u542b\u3080\u30b3\u30f3\u30c6\u30f3\u30c4\u5185\u5bb9\u306e\u8457\u4f5c\u6a29\u7b49\u306f\u3059\u3079\u3066\u30e1\u30eb\u30bb\u30c7\u30b9\u30fb\u30d9\u30f3\u30c4\u306b\u5e30\u5c5e\u3057\u3066\u3044\u307e\u3059\u3002<\/p>\n\n\n\n<blockquote class=\"twitter-tweet\"><p lang=\"de\" dir=\"ltr\">Der neue <a href=\"https:\/\/twitter.com\/hashtag\/MercedesBenz?src=hash&amp;ref_src=twsrc%5Etfw\">#MercedesBenz<\/a> <a href=\"https:\/\/twitter.com\/hashtag\/CLA?src=hash&amp;ref_src=twsrc%5Etfw\">#CLA<\/a> <a href=\"https:\/\/twitter.com\/hashtag\/ShootingBrake?src=hash&amp;ref_src=twsrc%5Etfw\">#ShootingBrake<\/a> und das neue CLA <a href=\"https:\/\/twitter.com\/hashtag\/Coup%C3%A9?src=hash&amp;ref_src=twsrc%5Etfw\">#Coup\u00e9<\/a>. Dank der unterschiedlichen Ausstattungslinien findet jeder seinen ganz pers\u00f6nlichen Stil. <br><br>Den CLA Shooting Brake entdecken: \u27a1\ufe0f <a href=\"https:\/\/t.co\/a3FWuQzvH6\">https:\/\/t.co\/a3FWuQzvH6<\/a><br>Das neue CLA Coup\u00e9 entdecken: \u27a1\ufe0f <a href=\"https:\/\/t.co\/kF1lSDJ3MD\">https:\/\/t.co\/kF1lSDJ3MD<\/a> <a href=\"https:\/\/t.co\/AHLEcLmmHR\">pic.twitter.com\/AHLEcLmmHR<\/a><\/p>\u2014 Mercedes-Benz Deutschland (@MercedesBenz_DE) <a href=\"https:\/\/twitter.com\/MercedesBenz_DE\/status\/1620829402908037138?ref_src=twsrc%5Etfw\">February 1, 2023<\/a><\/blockquote> <script async=\"\" src=\"https:\/\/platform.twitter.com\/widgets.js\" charset=\"utf-8\"><\/script>\n\n\n\n<h2 class=\"wp-block-heading\">\u65b0\u3057\u3044CLA\u30af\u30fc\u30da<\/h2>\n\n\n\n<p>CLA 180 Coup\u00e9 | vorl\u00e4ufige Werte: WLTP: Kraftstoffverbrauch gewichtet kombiniert: 6,5-5,9 l\/100 km; CO\u2082-Emissionen gewichtet kombiniert: 147-133 g\/km;&nbsp;<sup>[1]<\/sup><br>CLA 250 e Coup\u00e9 | vorl\u00e4ufige Werte: WLTP: Kraftstoffverbrauch gewichtet kombiniert: 1,1-0,8 l\/100 km; Stromverbrauch gewichtet kombiniert: 16,9-14,9 kWh\/100 km; CO\u2082-Emissionen gewichtet kombiniert: 24-18 g\/km.&nbsp;<sup>[1]<\/sup><\/p>\n\n\n\n<p class=\"has-vivid-cyan-blue-color has-text-color\">CLA 180 \u30af\u30fc\u30da |\u66ab\u5b9a\u5024:WLTP:\u71c3\u6599\u6d88\u8cbb\u91cf:6.5-5.9 l \/ 100 km;CO\u2082\u6392\u51fa\u91cf\u8a08:147-133 g \/ km;<sup>[1]<\/sup><br>CLA 250 e \u30af\u30fc\u30da |\u66ab\u5b9a\u5024:WLTP:\u71c3\u6599\u6d88\u8cbb\u91cf:1.1-0.8 l \/ 100 km;\u8907\u5408\u6d88\u8cbb\u96fb\u529b:16.9-14.9 kWh \/ 100 km;CO\u2082\u6392\u51fa\u91cf:24-18g\/km\u3002<sup>[1]<\/sup><\/p>\n\n\n\n<p class=\"has-vivid-cyan-blue-color has-text-color\">[1] \u71c3\u8cbb\u3001CO<sub>2<\/sub>\u6392\u51fa\u91cf\u3001\u6d88\u8cbb\u96fb\u529b\u3001\u304a\u3088\u3073\u7bc4\u56f2\u306f\u66ab\u5b9a\u7684\u306a\u3082\u306e\u3067\u3059\u304c\u300cWLTP\u30c6\u30b9\u30c8\u624b\u9806\u300d\u8a8d\u8a3c\u65b9\u6cd5\u306b\u5f93\u3063\u3066\u6e2c\u5b9a\u3057\u3066\u3044\u307e\u3059\u3002\u73fe\u6642\u70b9\u3067\u306f\u3001\u516c\u5f0f\u306b\u8a8d\u3081\u3089\u308c\u305f\u8a66\u9a13\u6a5f\u95a2\u306b\u3088\u308b\u5024\u3082\u3001EC\u578b\u5f0f\u627f\u8a8d\u3082\u3001\u9069\u5408\u8a3c\u660e\u66f8\u3082\u3042\u308a\u307e\u305b\u3093\u3002\u30c7\u30fc\u30bf\u3068\u516c\u5f0f\u5024\u306e\u9593\u306b\u5dee\u7570\u304c\u751f\u3058\u308b\u53ef\u80fd\u6027\u304c\u3042\u308a\u307e\u3059\u3002<\/p>\n\n\n\n<h2 class=\"wp-block-heading\">\u65b0\u578bCLA\u30af\u30fc\u30da\u306e\u30c7\u30b6\u30a4\u30f3<\/h2>\n\n\n\n<p>Die Designhighlights im Exterieur und Interieur.<\/p>\n\n\n\n<p class=\"has-vivid-cyan-blue-color has-text-color\">\u30a8\u30af\u30b9\u30c6\u30ea\u30a2\u3068\u30a4\u30f3\u30c6\u30ea\u30a2\u3092\u3054\u7d39\u4ecb\u3057\u307e\u3059\u3002<\/p>\n\n\n\n<h2 class=\"wp-block-heading\">\u30a8\u30af\u30b9\u30c6\u30ea\u30a2<\/h2>\n\n\n\n<p>Die Exterieurhighlights des neuen Mercedes-Benz CLA Coup\u00e9s ziehen automatisch Blicke auf sich: Neue Frontsch\u00fcrze, neue Hecksch\u00fcrze und neue R\u00e4derdesigns &#8211; alles nahtlos verbunden unter einer eleganten Coup\u00e9 Silhouette mit vier rahmenlosen T\u00fcren und nun erh\u00e4ltlich in der neuen Metallic-Lackierung Spektralblau.<\/p>\n\n\n\n<p class=\"has-vivid-cyan-blue-color has-text-color\">\u65b0\u3089\u305f\u306a\u30d5\u30ed\u30f3\u30c8\u30a8\u30d7\u30ed\u30f3\u3001\u30ea\u30a2\u30a8\u30d7\u30ed\u30f3\u3001\u30db\u30a4\u30fc\u30eb\u30c7\u30b6\u30a4\u30f3\u306a\u3069\u3001\u65b0\u578b\u30e1\u30eb\u30bb\u30c7\u30b9\u30d9\u30f3\u30c4CLA\u30af\u30fc\u30da\u306e\u5916\u89b3\u306f\u6ce8\u76ee\u3092\u96c6\u3081\u308b\u3053\u3068\u3067\u3057\u3087\u3046\u30024\u3064\u306e\u30d5\u30ec\u30fc\u30e0\u30ec\u30b9\u30c9\u30a2\u3092\u5099\u3048\u305f\u30a8\u30ec\u30ac\u30f3\u30c8\u306a\u30af\u30fc\u30da\u30b7\u30eb\u30a8\u30c3\u30c8\u306e\u4e2d\u306b\u5168\u3066\u306e\u8981\u7d20\u304c\u30b7\u30fc\u30e0\u30ec\u30b9\u306b\u7d44\u307f\u5408\u308f\u3055\u308c\u3001\u65b0\u3057\u3044\u30e1\u30bf\u30ea\u30c3\u30af\u30da\u30a4\u30f3\u30c8\u306e\u30b9\u30da\u30af\u30c8\u30e9\u30eb\u30d6\u30eb\u30fc\u3082\u30e9\u30a4\u30f3\u30ca\u30c3\u30d7\u3055\u308c\u307e\u3057\u305f\u3002<\/p>\n\n\n\n<h2 class=\"wp-block-heading\">\u65b0\u30d5\u30ed\u30f3\u30c8\u30c7\u30b6\u30a4\u30f3<\/h2>\n\n\n\n<figure class=\"wp-block-image size-full\"><img loading=\"lazy\" decoding=\"async\" width=\"640\" height=\"360\" src=\"https:\/\/mercedes-benz-cla.kyoto-svp.com\/wp-content\/uploads\/2023\/02\/mercedes-benz-cla-coupe-c118-1.jpg\" alt=\"\" class=\"wp-image-811\" srcset=\"https:\/\/mercedes-benz-cla.kyoto-svp.com\/wp-content\/uploads\/2023\/02\/mercedes-benz-cla-coupe-c118-1.jpg 640w, https:\/\/mercedes-benz-cla.kyoto-svp.com\/wp-content\/uploads\/2023\/02\/mercedes-benz-cla-coupe-c118-1-300x169.jpg 300w\" sizes=\"auto, (max-width: 640px) 100vw, 640px\" \/><\/figure>\n\n\n\n<h5 class=\"wp-block-heading\">Neues Frontdesign<\/h5>\n\n\n\n<p>Bereits im Stand vermitteln die leicht nach vorne geneigte, neu designte Frontsch\u00fcrze und die Powerdomes auf der Motorhaube ein hohes Ma\u00df an Dynamik. Zus\u00e4tzliches Highlight ist die neue K\u00fchlerverkleidung mit dreidimensionalem Mercedes-Benz Pattern.<\/p>\n\n\n\n<p class=\"has-vivid-cyan-blue-color has-text-color\">\u65b0\u3089\u305f\u306a\u30c7\u30b6\u30a4\u30f3\u306b\u3088\u308b\u30d5\u30ed\u30f3\u30c8\u30a8\u30d7\u30ed\u30f3\u3084\u30dc\u30f3\u30cd\u30c3\u30c8\u306e\u30d1\u30ef\u30fc\u30c9\u30fc\u30e0\u304c\u8e8d\u52d5\u611f\u3092\u6f14\u51fa\u3057\u3066\u3044\u307e\u3059\u3002\u3055\u3089\u306b\u7acb\u4f53\u7684\u306a\u30e1\u30eb\u30bb\u30c7\u30b9\u30fb\u30d9\u30f3\u30c4\u306e\u30d1\u30bf\u30fc\u30f3\u306b\u3088\u308b\u30e9\u30b8\u30a8\u30bf\u30fc\u30b0\u30ea\u30eb\u3092\u65b0\u305f\u306b\u63a1\u7528\u3057\u3066\u3044\u307e\u3059\u3002<\/p>\n\n\n\n<p><\/p>\n\n\n\n<h2 class=\"wp-block-heading\">\u65b0\u30db\u30a4\u30fc\u30eb<\/h2>\n\n\n\n<figure class=\"wp-block-image size-full\"><img loading=\"lazy\" decoding=\"async\" width=\"640\" height=\"360\" src=\"https:\/\/mercedes-benz-cla.kyoto-svp.com\/wp-content\/uploads\/2023\/02\/mercedes-benz-cla-coupe-c118-3.jpg\" alt=\"\" class=\"wp-image-813\" srcset=\"https:\/\/mercedes-benz-cla.kyoto-svp.com\/wp-content\/uploads\/2023\/02\/mercedes-benz-cla-coupe-c118-3.jpg 640w, https:\/\/mercedes-benz-cla.kyoto-svp.com\/wp-content\/uploads\/2023\/02\/mercedes-benz-cla-coupe-c118-3-300x169.jpg 300w\" sizes=\"auto, (max-width: 640px) 100vw, 640px\" \/><\/figure>\n\n\n\n<h5 class=\"wp-block-heading\">Neue Leichtmetallr\u00e4der<\/h5>\n\n\n\n<p>Zeigen Sie Ihren individuellen Stil: in Verbindung mit der AMG Line beispielsweise durch die aerodynamisch optimierten 48,3 cm (19&#8243;) Leichtmetallr\u00e4der im Vielspeichen-Design (optional). Oder mit den ebenfalls aerodynamisch optimierten 43,2 cm (17&#8243;) Leichtmetallr\u00e4dern im 5-Doppelspeichen-Design, die bereits in der Serienausstattung enthalten sind.<\/p>\n\n\n\n<p class=\"has-vivid-cyan-blue-color has-text-color\">\u500b\u6027\u7684\u306a\u30b9\u30bf\u30a4\u30eb\u3092\u8868\u73fe\uff1aAMG \u30e9\u30a4\u30f3\u3068\u7d44\u307f\u5408\u308f\u305b\u3066\u3001\u7a7a\u529b\u7684\u306b\u6700\u9069\u5316\u3055\u308c\u305f\u30de\u30eb\u30c1\u30b9\u30dd\u30fc\u30af \u30c7\u30b6\u30a4\u30f3\u306e 48.3 cm (19 \u30a4\u30f3\u30c1) \u8efd\u91cf\u30a2\u30ed\u30a4 \u30db\u30a4\u30fc\u30eb (\u30aa\u30d7\u30b7\u30e7\u30f3)\u3001\u307e\u305f\u306f\u540c\u69d8\u306b\u7a7a\u529b\u7684\u306b\u6700\u9069\u5316\u3055\u308c\u305f 43.2 cm (17 \u30a4\u30f3\u30c1) \u3092\u63a1\u7528\u3057\u3066\u3044\u307e\u3059\u3002\u3059\u3067\u306b\u6a19\u6e96\u88c5\u5099\u3055\u308c\u3066\u3044\u308b5\u672c\u306e\u30c0\u30d6\u30eb\u30b9\u30dd\u30fc\u30af\u30c7\u30b6\u30a4\u30f3\u306e\u8efd\u5408\u91d1\u30db\u30a4\u30fc\u30eb\u3067\u3059\u3002<\/p>\n\n\n\n<h2 class=\"wp-block-heading\">\u65b0\u30d8\u30c3\u30c9\u30e9\u30a4\u30c8<\/h2>\n\n\n\n<figure class=\"wp-block-image size-full\"><img loading=\"lazy\" decoding=\"async\" width=\"640\" height=\"360\" src=\"https:\/\/mercedes-benz-cla.kyoto-svp.com\/wp-content\/uploads\/2023\/02\/mercedes-benz-cla-coupe-c118-4.jpg\" alt=\"\" class=\"wp-image-814\" srcset=\"https:\/\/mercedes-benz-cla.kyoto-svp.com\/wp-content\/uploads\/2023\/02\/mercedes-benz-cla-coupe-c118-4.jpg 640w, https:\/\/mercedes-benz-cla.kyoto-svp.com\/wp-content\/uploads\/2023\/02\/mercedes-benz-cla-coupe-c118-4-300x169.jpg 300w\" sizes=\"auto, (max-width: 640px) 100vw, 640px\" \/><\/figure>\n\n\n\n<p>Scheinwerfer im neuen Design<\/p>\n\n\n\n<p>Passend zur neuen Frontsch\u00fcrze erstrahlen auch die optionalen MULTIBEAM LED Scheinwerfer mit neuem Inlay Design. Gleiches gilt f\u00fcr die LED High Performance-Scheinwerfer, die nun bereits Bestandteil der Serienausstattung sind. Wenn Sie Ihr Fahrzeug ent- oder verriegeln, reagieren beide Varianten mit einer kurzen Lichtinszenierung.<\/p>\n\n\n\n<p class=\"has-vivid-cyan-blue-color has-text-color\">\u65b0\u3057\u3044\u30d5\u30ed\u30f3\u30c8 \u30a8\u30d7\u30ed\u30f3\u306b\u5408\u308f\u305b\u3001\u30aa\u30d7\u30b7\u30e7\u30f3\u306e \u30de\u30eb\u30c1\u30d3\u30fc\u30e0 LED \u30d8\u30c3\u30c9\u30e9\u30a4\u30c8\u3082\u65b0\u30e9\u8c37\u30c7\u30b6\u30a4\u30f3\u3055\u308c\u3066\u3044\u307e\u3059\u3002\u6a19\u6e96\u88c5\u5099\u3055\u308c\u3066\u3044\u308b LED \u9ad8\u6027\u80fd\u30d8\u30c3\u30c9\u30e9\u30a4\u30c8\u3082\u540c\u69d8\u3067\u3059\u3002\u8eca\u4e21\u30ed\u30c3\u30af\u307e\u305f\u306f\u89e3\u9664\u3059\u308b\u3068\u3001\u4e21\u65b9\u306e\u30e9\u30a4\u30c8\u304c\u77ed\u3044\u5149\u306e\u30b7\u30e7\u30fc\u3067\u53cd\u5fdc\u3057\u307e\u3059\u3002<\/p>\n\n\n\n<h2 class=\"wp-block-heading\">\u65b0\u30ea\u30a2\u30c7\u30b6\u30a4\u30f3<\/h2>\n\n\n\n<figure class=\"wp-block-image size-full\"><img loading=\"lazy\" decoding=\"async\" width=\"640\" height=\"360\" src=\"https:\/\/mercedes-benz-cla.kyoto-svp.com\/wp-content\/uploads\/2023\/02\/mercedes-benz-cla-coupe-c118-2.jpg\" alt=\"\" class=\"wp-image-812\" srcset=\"https:\/\/mercedes-benz-cla.kyoto-svp.com\/wp-content\/uploads\/2023\/02\/mercedes-benz-cla-coupe-c118-2.jpg 640w, https:\/\/mercedes-benz-cla.kyoto-svp.com\/wp-content\/uploads\/2023\/02\/mercedes-benz-cla-coupe-c118-2-300x169.jpg 300w\" sizes=\"auto, (max-width: 640px) 100vw, 640px\" \/><\/figure>\n\n\n\n<h5 class=\"wp-block-heading\">Neues Heckdesign<\/h5>\n\n\n\n<p>Die athletische Form des CLA Coup\u00e9 m\u00fcndet im sportlich-eleganten GT Heck. Der Hecksto\u00dff\u00e4nger mit neuer Optik des Diffusors und die neuen Voll-LED-Heckleuchten betonen den selbstbewussten Auftritt \u2013 in moderner, progressiver Form.<\/p>\n\n\n\n<p class=\"has-vivid-cyan-blue-color has-text-color\">CLA \u30af\u30fc\u30da\u306e\u30b9\u30dd\u30fc\u30c6\u30a3\u3067\u30a8\u30ec\u30ac\u30f3\u30c8\u306a GT \u30d5\u30a9\u30eb\u30e0\u306f\u3001\u30ea\u30a2 \u30a8\u30f3\u30c9\u3067\u9802\u70b9\u306b\u9054\u3057\u307e\u3059\u3002\u65b0\u3057\u3044\u30c7\u30a3\u30d5\u30e5\u30fc\u30b6\u30fc\u306e\u5916\u89b3\u3092\u5099\u3048\u305f\u30ea\u30a2 \u30d0\u30f3\u30d1\u30fc\u3068\u65b0\u3057\u3044\u30d5\u30eb LED \u30ea\u30a2 \u30e9\u30a4\u30c8\u304c\u3001\u81ea\u4fe1\u306b\u6e80\u3061\u305f\u5916\u89b3\u3092\u30e2\u30c0\u30f3\u3067\u5148\u9032\u7684\u306a\u30c7\u30b6\u30a4\u30f3\u3067\u3088\u308a\u5f37\u8abf\u3055\u308c\u3066\u3044\u307e\u3059\u3002<\/p>\n\n\n\n<h2 class=\"wp-block-heading\">\u65b0\u30a4\u30f3\u30c6\u30ea\u30a2<\/h2>\n\n\n\n<figure class=\"wp-block-image size-full\"><img loading=\"lazy\" decoding=\"async\" width=\"841\" height=\"473\" src=\"https:\/\/mercedes-benz-cla.kyoto-svp.com\/wp-content\/uploads\/2023\/02\/mercedes-benz-cla-coupe-c118-5.jpg\" alt=\"\" class=\"wp-image-815\" srcset=\"https:\/\/mercedes-benz-cla.kyoto-svp.com\/wp-content\/uploads\/2023\/02\/mercedes-benz-cla-coupe-c118-5.jpg 841w, https:\/\/mercedes-benz-cla.kyoto-svp.com\/wp-content\/uploads\/2023\/02\/mercedes-benz-cla-coupe-c118-5-300x169.jpg 300w, https:\/\/mercedes-benz-cla.kyoto-svp.com\/wp-content\/uploads\/2023\/02\/mercedes-benz-cla-coupe-c118-5-768x432.jpg 768w\" sizes=\"auto, (max-width: 841px) 100vw, 841px\" \/><\/figure>\n\n\n\n<p><strong>Das Interieur des neuen CLA Coup\u00e9s.<\/strong><\/p>\n\n\n\n<p>Mit der neu designten Raumarchitektur und seinen hochmodernen Bedienelementen, setzt der Innenraum des neuen Mercedes-Benz CLA Coup\u00e9s Ma\u00dfst\u00e4be in seiner Klasse. Neben der umfangreichen Serienausstattung mit MBUX k\u00f6nnen Sie mit den Ausstattungslinien Progressive und AMG verschiedene Elemente wie das neue Dreispeichen-Lenkrad, Sitze oder Polsterung individualisieren.<\/p>\n\n\n\n<p><mark style=\"background-color:rgba(0, 0, 0, 0)\" class=\"has-inline-color has-vivid-cyan-blue-color\">\u65b0\u578b\u30e1\u30eb\u30bb\u30c7\u30b9\u30fb\u30d9\u30f3\u30c4 CLA\u30af\u30fc\u30da\u306e\u30a4\u30f3\u30c6\u30ea\u30a2\u306f\u3001\u65b0\u8a2d\u8a08\u306b\u3088\u308b\u5185\u88c5\u3068\u6700\u5148\u7aef\u306e\u30b3\u30f3\u30c8\u30ed\u30fc\u30eb\u3092\u5099\u3048\u305f\u3053\u306e\u30af\u30e9\u30b9\u306e\u57fa\u6e96\u3068\u306a\u308b\u3082\u306e\u3068\u306a\u3063\u3066\u3044\u307e\u3059\u3002 MBUX \u306b\u3088\u308b\u8c4a\u5bcc\u306a\u6a19\u6e96\u88c5\u5099\u306b\u52a0\u3048\u3066\u3001\u65b0\u3057\u3044 3 \u30b9\u30dd\u30fc\u30af \u30b9\u30c6\u30a2\u30ea\u30f3\u30b0 \u30db\u30a4\u30fc\u30eb\u3001\u30b7\u30fc\u30c8\u3001AMG\u30e9\u30a4\u30f3\u306e\u30d7\u30ed\u30b0\u30ec\u30c3\u30b7\u30d6\u5185\u88c5\u306e\u30aa\u30d7\u30b7\u30e7\u30f3\u306a\u3069\u3001\u3055\u307e\u3056\u307e\u306a\u88c5\u5099\u3092\u30ab\u30b9\u30bf\u30de\u30a4\u30ba\u3067\u304d\u307e\u3059\u3002<\/mark><\/p>\n\n\n\n<h2 class=\"wp-block-heading\">\u30de\u30eb\u30c1\u30b9\u30af\u30ea\u30fc\u30f3\u306e\u30b3\u30af\u30d4\u30c3\u30c8<\/h2>\n\n\n\n<figure class=\"wp-block-image size-full\"><img loading=\"lazy\" decoding=\"async\" width=\"512\" height=\"384\" src=\"https:\/\/mercedes-benz-cla.kyoto-svp.com\/wp-content\/uploads\/2023\/02\/mercedes-benz-cla-coupe-c118-7.jpg\" alt=\"\" class=\"wp-image-827\" srcset=\"https:\/\/mercedes-benz-cla.kyoto-svp.com\/wp-content\/uploads\/2023\/02\/mercedes-benz-cla-coupe-c118-7.jpg 512w, https:\/\/mercedes-benz-cla.kyoto-svp.com\/wp-content\/uploads\/2023\/02\/mercedes-benz-cla-coupe-c118-7-300x225.jpg 300w\" sizes=\"auto, (max-width: 512px) 100vw, 512px\" \/><\/figure>\n\n\n\n<p><strong>Widescreen-Cockpit<\/strong><br>Das zentrale Media-Display ist nun serienm\u00e4\u00dfig in 26 cm (10,25&#8243;) ausgef\u00fchrt. In Kombination mit dem optionalen 26 cm (10,25&#8243;) volldigitalen Instrumenten-Display und zusammengefasst unter einer durchg\u00e4ngigen Glasfl\u00e4che, pr\u00e4sentiert sich das Cockpit damit in seiner beeindruckenden Widescreen-Optik.<\/p>\n\n\n\n<p class=\"has-vivid-cyan-blue-color has-text-color\">\u4e2d\u592e\u306e\u30e1\u30c7\u30a3\u30a2 \u95a2\u9023\u3092\u8868\u793a\u3059\u308b\u30c7\u30a3\u30b9\u30d7\u30ec\u30a4\u306f 26 cm (10.25 \u30a4\u30f3\u30c1) \u3067\u3059\u3002 26 cm (10.25 \u30a4\u30f3\u30c1) \u306e\u30d5\u30eb \u30c7\u30b8\u30bf\u30eb\u5316\u3055\u308c\u3066\u3044\u308b\u30e1\u30fc\u30bf\u30fc\u306e\u30c7\u30a3\u30b9\u30d7\u30ec\u30a4\u3068\u9023\u7d9a\u3057\u305f\u30ac\u30e9\u30b9\u9762\u306e\u4e0b\u306b\u7d44\u307f\u5408\u308f\u305b\u3001\u898b\u4e8b\u306a\u30ef\u30a4\u30c9\u30b9\u30af\u30ea\u30fc\u30f3\u306e\u30b3\u30c3\u30af\u30d4\u30c3\u30c8\u3068\u306a\u3063\u3066\u3044\u307e\u3059\u3002<\/p>\n\n\n\n<h2 class=\"wp-block-heading\">3\u672c\u30b9\u30dd\u30fc\u30af\u30b9\u30c6\u30a2\u30ea\u30f3\u30b0<\/h2>\n\n\n\n<figure class=\"wp-block-image size-full\"><img loading=\"lazy\" decoding=\"async\" width=\"512\" height=\"384\" src=\"https:\/\/mercedes-benz-cla.kyoto-svp.com\/wp-content\/uploads\/2023\/02\/mercedes-benz-cla-coupe-c118-8.jpg\" alt=\"\" class=\"wp-image-829\" srcset=\"https:\/\/mercedes-benz-cla.kyoto-svp.com\/wp-content\/uploads\/2023\/02\/mercedes-benz-cla-coupe-c118-8.jpg 512w, https:\/\/mercedes-benz-cla.kyoto-svp.com\/wp-content\/uploads\/2023\/02\/mercedes-benz-cla-coupe-c118-8-300x225.jpg 300w\" sizes=\"auto, (max-width: 512px) 100vw, 512px\" \/><\/figure>\n\n\n\n<p><strong>Dreispeichen-Lenkrad<\/strong><br>Bedienen Sie Ihr Fahrzeug so intuitiv wie ein Smartphone. Das Lenkrad der neuesten Generation erkennt Ber\u00fchrungen noch genauer f\u00fcr eine verbesserte &#8220;Fingernavigation&#8221; \u00fcber Wischgesten und Dr\u00fccken. Die neue Hands-On-Erkennung registriert zudem das Anfassen des Lenkrades und kann notfalls warnen.<\/p>\n\n\n\n<p class=\"has-vivid-cyan-blue-color has-text-color\">\u30b9\u30de\u30fc\u30c8\u30d5\u30a9\u30f3\u306e\u3088\u3046\u306b\u76f4\u611f\u7684\u306b\u8eca\u4e21\u3092\u64cd\u4f5c\u3067\u304d\u307e\u3059\u3002\u6700\u65b0\u4e16\u4ee3\u306e\u30b9\u30c6\u30a2\u30ea\u30f3\u30b0 \u30db\u30a4\u30fc\u30eb\u306f\u3001\u30b9\u30ef\u30a4\u30d7 \u30b8\u30a7\u30b9\u30c1\u30e3\u3084\u30d7\u30ec\u30b9\u306b\u3088\u308b\u300c\u30d5\u30a3\u30f3\u30ac\u30fc \u30ca\u30d3\u30b2\u30fc\u30b7\u30e7\u30f3\u300d\u3092\u6539\u826f\u3057\u3001\u30bf\u30c3\u30c1\u3092\u3055\u3089\u306b\u6b63\u78ba\u306b\u8a8d\u8b58\u3057\u307e\u3059\u3002\u65b0\u3057\u3044\u6a5f\u80fd\u3068\u3057\u3066\u30cf\u30f3\u30c9\u30eb\u3078\u306e\u63a5\u89e6\u72b6\u614b\u304b\u3089\u5224\u65ad\u3057\u3001\u5fc5\u8981\u306b\u5fdc\u3058\u3066\u8b66\u544a\u3092\u767a\u3059\u308b\u3053\u3068\u304c\u3067\u304d\u307e\u3059\u3002<\/p>\n\n\n\n<h2 class=\"wp-block-heading\">\u65b0\u30bb\u30f3\u30bf\u30fc\u30b3\u30f3\u30bd\u30fc\u30eb<\/h2>\n\n\n\n<figure class=\"wp-block-image size-full is-resized\"><a href=\"https:\/\/mercedes-benz-cla.kyoto-svp.com\/wp-content\/uploads\/2023\/02\/mercedes-benz-cla-coupe-c118-9.jpg\" target=\"_blank\" rel=\"noreferrer noopener\"><img loading=\"lazy\" decoding=\"async\" src=\"https:\/\/mercedes-benz-cla.kyoto-svp.com\/wp-content\/uploads\/2023\/02\/mercedes-benz-cla-coupe-c118-9.jpg\" alt=\"\" class=\"wp-image-839\" width=\"518\" height=\"388\" srcset=\"https:\/\/mercedes-benz-cla.kyoto-svp.com\/wp-content\/uploads\/2023\/02\/mercedes-benz-cla-coupe-c118-9.jpg 1023w, https:\/\/mercedes-benz-cla.kyoto-svp.com\/wp-content\/uploads\/2023\/02\/mercedes-benz-cla-coupe-c118-9-300x225.jpg 300w, https:\/\/mercedes-benz-cla.kyoto-svp.com\/wp-content\/uploads\/2023\/02\/mercedes-benz-cla-coupe-c118-9-768x576.jpg 768w\" sizes=\"auto, (max-width: 518px) 100vw, 518px\" \/><\/a><\/figure>\n\n\n\n<p><strong>Neu gestaltete Mittelkonsole<\/strong><\/p>\n\n\n\n<p>Schnell alles griffbereit \u2013 und bedienbereit. Die neue Mittelkonsole bietet mehr Ablagefl\u00e4che und die Bedienelemente wurden noch intuitiver angeordnet.Neue Komfortsitze<\/p>\n\n\n\n<p class=\"has-vivid-cyan-blue-color has-text-color\">\u3059\u3079\u3066\u304c\u3059\u3050\u624b\u5143\u306b\u3042\u308a\u3001\u3059\u3050\u306b\u4f7f\u3046\u3053\u3068\u304c\u3067\u304d\u307e\u3059\u3002\u65b0\u3057\u3044\u30bb\u30f3\u30bf\u30fc \u30b3\u30f3\u30bd\u30fc\u30eb\u306f\u3088\u308a\u591a\u304f\u306e\u53ce\u7d0d\u30b9\u30da\u30fc\u30b9\u3092\u63d0\u4f9b\u3057\u3066\u304a\u308a\u3001\u3053\u308c\u307e\u3067\u4ee5\u4e0a\u306b\u76f4\u611f\u7684\u306b\u4f7f\u3048\u308b\u3088\u3046\u914d\u7f6e\u3055\u308c\u3066\u3044\u307e\u3059\u3002<\/p>\n\n\n\n<h2 class=\"wp-block-heading\"><strong>Motorisierungen<\/strong><\/h2>\n\n\n\n<p>Die Antriebe des neuen CLA Coup\u00e9s.<br>Das Motorenportfolio des neuen Mercedes-Benz CLA Coup\u00e9s bietet eine breite Auswahl an Benzin- und Dieselmotoren sowie einer Plug-in-Hybrid Variante, mit einer Leistungsbandbreite von 100 kW[1](CLA 180 Coup\u00e9) bis zu 160 kW[1](CLA 250 e Coup\u00e9). Serienm\u00e4\u00dfig neu sind alle Modelle mit 8G-DCT oder 7G-DCT Automatikgetriebe ausger\u00fcstet. Zur Steigerung der Effizienz und damit einem verringerten Kraftstoffverbrauch kommt bei allen Benzinmotoren jetzt 48V Technologie zum Einsatz, die zum einen den riemengetriebenen Startergenerator betreibt und zum anderen kurzfristig zus\u00e4tzliche Leistung und Drehmoment bereitstellt.<\/p>\n\n\n\n<p>CLA 180 Coup\u00e9 | vorl\u00e4ufige Werte: WLTP: Kraftstoffverbrauch gewichtet kombiniert: 6,5-5,9 l\/100 km; CO\u2082-Emissionen gewichtet kombiniert: 147-133 g\/km;[1]\n\n\n\n<p>CLA 250 e Coup\u00e9 | vorl\u00e4ufige Werte: WLTP: Kraftstoffverbrauch gewichtet kombiniert: 1,1-0,8 l\/100 km; Stromverbrauch gewichtet kombiniert: 16,9-14,9 kWh\/100 km; CO\u2082-Emissionen gewichtet kombiniert: 24-18 g\/km.[1]\n\n\n\n[1] Angaben zu Kraftstoffverbrauch, CO2-Emissionen, Stromverbrauch und Reichweite sind vorl\u00e4ufig und wurden intern nach Ma\u00dfgabe der Zertifizierungsmethode \u201eWLTP-Pr\u00fcfverfahren\u201c ermittelt. Es liegen bislang weder best\u00e4tigte Werte von einer amtlich anerkannten Pr\u00fcforganisation noch eine EG-Typgenehmigung noch eine Konformit\u00e4tsbescheinigung mit amtlichen Werten vor. Abweichungen zwischen den Angaben und den amtlichen Werten sind m\u00f6glich.<\/p>\n\n\n\n<figure class=\"wp-block-image size-full\"><img loading=\"lazy\" decoding=\"async\" width=\"896\" height=\"551\" src=\"https:\/\/mercedes-benz-cla.kyoto-svp.com\/wp-content\/uploads\/2023\/02\/mercedes-benz-cla-coupe-c118-6.jpg\" alt=\"\" class=\"wp-image-822\" srcset=\"https:\/\/mercedes-benz-cla.kyoto-svp.com\/wp-content\/uploads\/2023\/02\/mercedes-benz-cla-coupe-c118-6.jpg 896w, https:\/\/mercedes-benz-cla.kyoto-svp.com\/wp-content\/uploads\/2023\/02\/mercedes-benz-cla-coupe-c118-6-300x184.jpg 300w, https:\/\/mercedes-benz-cla.kyoto-svp.com\/wp-content\/uploads\/2023\/02\/mercedes-benz-cla-coupe-c118-6-768x472.jpg 768w\" sizes=\"auto, (max-width: 896px) 100vw, 896px\" \/><\/figure>\n\n\n\n<p class=\"has-vivid-red-color has-text-color\">\u7d9a\u304d\u306f\u3053\u3061\u3089\uff1a<\/p>\n\n\n\n<figure class=\"wp-block-embed is-type-wp-embed is-provider-2023-\u5e74\u7248\u30e1\u30eb\u30bb\u30c7\u30b9\u30d9\u30f3\u30c4cla\uff5c\u71c3\u8cbb\u3068\u30dc\u30c7\u30a3\u30ab\u30e9\u30fc\u306e\u8b0e wp-block-embed-2023-\u5e74\u7248\u30e1\u30eb\u30bb\u30c7\u30b9\u30d9\u30f3\u30c4cla\uff5c\u71c3\u8cbb\u3068\u30dc\u30c7\u30a3\u30ab\u30e9\u30fc\u306e\u8b0e\"><div class=\"wp-block-embed__wrapper\">\n<blockquote class=\"wp-embedded-content\" data-secret=\"0ToeluGIsE\"><a href=\"https:\/\/mercedes-benz-cla.kyoto-svp.com\/?p=919\">\u3010\u7d9a\u5831\u30112023\u5e74\u30e1\u30eb\u30bb\u30c7\u30b9\u30d9\u30f3\u30c4\u65b0\u578bCLA\u306e\u8a73\u7d30<\/a><\/blockquote><iframe loading=\"lazy\" class=\"wp-embedded-content\" sandbox=\"allow-scripts\" security=\"restricted\" style=\"position: absolute; clip: rect(1px, 1px, 1px, 1px);\" title=\"&#8220;\u3010\u7d9a\u5831\u30112023\u5e74\u30e1\u30eb\u30bb\u30c7\u30b9\u30d9\u30f3\u30c4\u65b0\u578bCLA\u306e\u8a73\u7d30&#8221; &#8212; 2023\u5e74\u7248\u30e1\u30eb\u30bb\u30c7\u30b9\u30d9\u30f3\u30c4CLA\uff5c\u71c3\u8cbb\u3068\u30dc\u30c7\u30a3\u30ab\u30e9\u30fc\u306e\u8b0e\" src=\"https:\/\/mercedes-benz-cla.kyoto-svp.com\/?p=919&#038;embed=true#?secret=5r8UtgtsBJ#?secret=0ToeluGIsE\" data-secret=\"0ToeluGIsE\" width=\"600\" height=\"338\" frameborder=\"0\" marginwidth=\"0\" marginheight=\"0\" scrolling=\"no\"><\/iframe>\n<\/div><\/figure>\n","protected":false},"excerpt":{"rendered":"<p>2023\u5e742\u6708\u4e0a\u65ec\u6642\u70b9\u3067\u306e\u30c9\u30a4\u30c4\u672c\u793e\u306e\u516c\u5f0f\u30b5\u30a4\u30c8\u3092\u3082\u3068\u306b\u65e5\u672c\u8a9e\u5316\u3057\u3066\u3044\u307e\u3059\u3002 \u548c\u8a33\u306f\u53c2\u8003\u306e\u305f\u3081\u3067\u3042\u308a\u3001\u3044\u304b\u306a\u308b\u8cac\u4efb\u3082\u8ca0\u3044\u304b\u306d\u307e\u3059\u306e\u3067\u4e88\u3081\u3054\u4e86\u627f\u304f\u3060\u3055\u3044\u3002 \u307e\u305f\u672c\u30b5\u30a4\u30c8\u306e\u753b\u50cf\u306f\u89e3\u50cf\u5ea6\u30fb\u8868\u793a\u8272\u6570\u3092\u4e0b\u3052\u3066\u3044\u307e\u3059\u306e\u3067\u5b9f\u8eca\u306e\u3082\u306e\u3068&#8230;<\/p>\n","protected":false},"author":1,"featured_media":810,"comment_status":"closed","ping_status":"open","sticky":false,"template":"","format":"standard","meta":{"footnotes":""},"categories":[79,90],"tags":[102,15,103],"class_list":{"0":"post-809","1":"post","2":"type-post","3":"status-publish","4":"format-standard","5":"has-post-thumbnail","7":"category-cla","8":"category-90","9":"tag-102","10":"tag-cla","11":"tag-103","12":"article cf"},"_links":{"self":[{"href":"https:\/\/mercedes-benz-cla.kyoto-svp.com\/index.php?rest_route=\/wp\/v2\/posts\/809","targetHints":{"allow":["GET"]}}],"collection":[{"href":"https:\/\/mercedes-benz-cla.kyoto-svp.com\/index.php?rest_route=\/wp\/v2\/posts"}],"about":[{"href":"https:\/\/mercedes-benz-cla.kyoto-svp.com\/index.php?rest_route=\/wp\/v2\/types\/post"}],"author":[{"embeddable":true,"href":"https:\/\/mercedes-benz-cla.kyoto-svp.com\/index.php?rest_route=\/wp\/v2\/users\/1"}],"replies":[{"embeddable":true,"href":"https:\/\/mercedes-benz-cla.kyoto-svp.com\/index.php?rest_route=%2Fwp%2Fv2%2Fcomments&post=809"}],"version-history":[{"count":8,"href":"https:\/\/mercedes-benz-cla.kyoto-svp.com\/index.php?rest_route=\/wp\/v2\/posts\/809\/revisions"}],"predecessor-version":[{"id":928,"href":"https:\/\/mercedes-benz-cla.kyoto-svp.com\/index.php?rest_route=\/wp\/v2\/posts\/809\/revisions\/928"}],"wp:featuredmedia":[{"embeddable":true,"href":"https:\/\/mercedes-benz-cla.kyoto-svp.com\/index.php?rest_route=\/wp\/v2\/media\/810"}],"wp:attachment":[{"href":"https:\/\/mercedes-benz-cla.kyoto-svp.com\/index.php?rest_route=%2Fwp%2Fv2%2Fmedia&parent=809"}],"wp:term":[{"taxonomy":"category","embeddable":true,"href":"https:\/\/mercedes-benz-cla.kyoto-svp.com\/index.php?rest_route=%2Fwp%2Fv2%2Fcategories&post=809"},{"taxonomy":"post_tag","embeddable":true,"href":"https:\/\/mercedes-benz-cla.kyoto-svp.com\/index.php?rest_route=%2Fwp%2Fv2%2Ftags&post=809"}],"curies":[{"name":"wp","href":"https:\/\/api.w.org\/{rel}","templated":true}]}}